{"id":160376,"date":"2020-05-15T18:27:11","date_gmt":"2020-05-15T21:27:11","guid":{"rendered":"https:\/\/diarioregionaldigital.com.br\/?p=160376"},"modified":"2020-05-15T18:27:11","modified_gmt":"2020-05-15T21:27:11","slug":"policia-militar-realiza-operacao-nos-bairros-sao-pedro-e-novo-horizonte","status":"publish","type":"post","link":"https:\/\/diarioregionaldigital.com.br\/?p=160376","title":{"rendered":"Pol\u00edcia Militar realiza opera\u00e7\u00e3o nos Bairros S\u00e3o Pedro e Novo Horizonte"},"content":{"rendered":"<p>A Pol\u00edcia Militar (PM), desencadeou nesta sexta-feira (15), uma opera\u00e7\u00e3o que resultou na pris\u00e3o de indiv\u00edduos envolvidos em tr\u00e1fico de drogas, nos Bairros S\u00e3o Pedro e Novo Horizonte. Os policiais foram em tr\u00eas resid\u00eancias informadas na den\u00fancia e ao realizar as abordagens, prenderam os suspeitos em flagrante. Durante buscas pelos locais, foram encontrados\u00a0duas por\u00e7\u00f5es de coca\u00edna, duas bucha de maconha, dez celulares, R$5.582 em dinheiro, um comprimido ecstasy, um peda\u00e7o de maconha prensada, uma balan\u00e7a de precis\u00e3o e material para embalar drogas.<\/p>\n<p>Os indiv\u00edduos foram presos em flagrante e conduzidos para a Delegacia, junto com os materiais apreendidos.<\/p>\n","protected":false},"excerpt":{"rendered":"<p>A Pol\u00edcia Militar (PM), desencadeou nesta sexta-feira (15), uma opera\u00e7\u00e3o que resultou na pris\u00e3o de indiv\u00edduos envolvidos em tr\u00e1fico de drogas, nos Bairros S\u00e3o Pedro e Novo Horizonte. Os policiais foram em tr\u00eas resid\u00eancias informadas na den\u00fancia e ao realizar as abordagens, prenderam os suspeitos em flagrante. Durante buscas pelos locais, foram encontrados\u00a0duas por\u00e7\u00f5es de [&hellip;]<\/p>\n","protected":false},"author":96,"featured_media":97342,"comment_status":"closed","ping_status":"closed","sticky":false,"template":"","format":"standard","meta":{"footnotes":""},"categories":[301,436,439],"tags":[],"class_list":["post-160376","post","type-post","status-publish","format-standard","has-post-thumbnail","hentry","category-artigos-policiais","category-destaque-da-semana","category-ultima-hora"],"_links":{"self":[{"href":"https:\/\/diarioregionaldigital.com.br\/index.php?rest_route=\/wp\/v2\/posts\/160376","targetHints":{"allow":["GET"]}}],"collection":[{"href":"https:\/\/diarioregionaldigital.com.br\/index.php?rest_route=\/wp\/v2\/posts"}],"about":[{"href":"https:\/\/diarioregionaldigital.com.br\/index.php?rest_route=\/wp\/v2\/types\/post"}],"author":[{"embeddable":true,"href":"https:\/\/diarioregionaldigital.com.br\/index.php?rest_route=\/wp\/v2\/users\/96"}],"replies":[{"embeddable":true,"href":"https:\/\/diarioregionaldigital.com.br\/index.php?rest_route=%2Fwp%2Fv2%2Fcomments&post=160376"}],"version-history":[{"count":0,"href":"https:\/\/diarioregionaldigital.com.br\/index.php?rest_route=\/wp\/v2\/posts\/160376\/revisions"}],"wp:featuredmedia":[{"embeddable":true,"href":"https:\/\/diarioregionaldigital.com.br\/index.php?rest_route=\/wp\/v2\/media\/97342"}],"wp:attachment":[{"href":"https:\/\/diarioregionaldigital.com.br\/index.php?rest_route=%2Fwp%2Fv2%2Fmedia&parent=160376"}],"wp:term":[{"taxonomy":"category","embeddable":true,"href":"https:\/\/diarioregionaldigital.com.br\/index.php?rest_route=%2Fwp%2Fv2%2Fcategories&post=160376"},{"taxonomy":"post_tag","embeddable":true,"href":"https:\/\/diarioregionaldigital.com.br\/index.php?rest_route=%2Fwp%2Fv2%2Ftags&post=160376"}],"curies":[{"name":"wp","href":"https:\/\/api.w.org\/{rel}","templated":true}]}}