{"id":160373,"date":"2020-05-15T18:17:09","date_gmt":"2020-05-15T21:17:09","guid":{"rendered":"https:\/\/diarioregionaldigital.com.br\/?p=160373"},"modified":"2020-05-15T18:17:09","modified_gmt":"2020-05-15T21:17:09","slug":"acao-conjunta-prende-trio-suspeito-de-aplicar-golpes-em-idosos-na-zona-da-mata","status":"publish","type":"post","link":"https:\/\/diarioregionaldigital.com.br\/?p=160373","title":{"rendered":"A\u00e7\u00e3o conjunta prende trio suspeito de aplicar golpes em idosos na Zona da Mata"},"content":{"rendered":"<p><span style=\"font-weight: 400;\">Na quinta-feira (14), uma a\u00e7\u00e3o conjunta deflagrada pelas Pol\u00edcias Civil e Militar, com apoio da Guarda Municipal de Juiz de Fora, resultou na pris\u00e3o de tr\u00eas homens, 21, 23 e 37 anos, suspeitos de praticarem estelionato na Zona da Mata mineira. Investiga\u00e7\u00f5es realizadas pela PCMG apontam que os investigados, oriundos de S\u00e3o Paulo, aplicavam golpes em idosos por telefone, em Juiz de Fora e regi\u00e3o, ao se apresentarem como funcion\u00e1rios de bancos para recolher cart\u00f5es em resid\u00eancias de v\u00edtimas.\u00a0<\/span><\/p>\n<p><span style=\"font-weight: 400;\">Durante as dilig\u00eancias, foram apreendidos um ve\u00edculo, mais de 30 m\u00e1quinas leitoras de cart\u00e3o, cart\u00f5es de cr\u00e9dito e de d\u00e9bito, dinheiro, aparelhos celulares, carregadores, entre outros objetos. Entre os presos, dois foram localizados no centro do munic\u00edpio de Lima Duarte por uma equipe da Pol\u00edcia Militar. Com os investigados, foram encontrados celulares, R$ 322, sete m\u00e1quinas leitoras de cart\u00e3o, um ve\u00edculo e outros objetos. Posteriormente, ap\u00f3s tentativa de fuga de um hotel, localizado no centro de Juiz de Fora, o jovem de 23 anos foi preso por equipes de policiais civis da 7\u00aa Delegacia de Pol\u00edcia Civil, do 4\u00ba Departamento e da Delegacia Especializada de Repress\u00e3o a Roubos, com apoio de guardas municipais da cidade. Apura\u00e7\u00f5es indicaram que o trio estava hospedado no hotel, onde tamb\u00e9m foram apreendidos 25 m\u00e1quinas leitoras de cart\u00e3o, cart\u00f5es de d\u00e9bito e de cr\u00e9dito, R$ 1.142, entre outros materiais.<\/span><\/p>\n<p><span style=\"font-weight: 400;\">\u00a0A Pol\u00edcia Civil suspeita que os indiv\u00edduos fazem parte de uma quadrilha que estaria aplicando golpes em outras regi\u00f5es do estado. Ap\u00f3s a a\u00e7\u00e3o, eles foram conduzidos at\u00e9 a 1\u00aa Delegacia Regional de Juiz de Fora e, posteriormente, encaminhados ao sistema prisional, permanecendo \u00e0 disposi\u00e7\u00e3o da Justi\u00e7a.<\/span><\/p>\n<p>&nbsp;<\/p>\n<p><strong>Fonte:\u00a0<\/strong>Assessoria<\/p>\n","protected":false},"excerpt":{"rendered":"<p>Na quinta-feira (14), uma a\u00e7\u00e3o conjunta deflagrada pelas Pol\u00edcias Civil e Militar, com apoio da Guarda Municipal de Juiz de Fora, resultou na pris\u00e3o de tr\u00eas homens, 21, 23 e 37 anos, suspeitos de praticarem estelionato na Zona da Mata mineira. Investiga\u00e7\u00f5es realizadas pela PCMG apontam que os investigados, oriundos de S\u00e3o Paulo, aplicavam golpes [&hellip;]<\/p>\n","protected":false},"author":96,"featured_media":160374,"comment_status":"closed","ping_status":"closed","sticky":false,"template":"","format":"standard","meta":{"footnotes":""},"categories":[301,436,439],"tags":[],"class_list":["post-160373","post","type-post","status-publish","format-standard","has-post-thumbnail","hentry","category-artigos-policiais","category-destaque-da-semana","category-ultima-hora"],"_links":{"self":[{"href":"https:\/\/diarioregionaldigital.com.br\/index.php?rest_route=\/wp\/v2\/posts\/160373","targetHints":{"allow":["GET"]}}],"collection":[{"href":"https:\/\/diarioregionaldigital.com.br\/index.php?rest_route=\/wp\/v2\/posts"}],"about":[{"href":"https:\/\/diarioregionaldigital.com.br\/index.php?rest_route=\/wp\/v2\/types\/post"}],"author":[{"embeddable":true,"href":"https:\/\/diarioregionaldigital.com.br\/index.php?rest_route=\/wp\/v2\/users\/96"}],"replies":[{"embeddable":true,"href":"https:\/\/diarioregionaldigital.com.br\/index.php?rest_route=%2Fwp%2Fv2%2Fcomments&post=160373"}],"version-history":[{"count":0,"href":"https:\/\/diarioregionaldigital.com.br\/index.php?rest_route=\/wp\/v2\/posts\/160373\/revisions"}],"wp:featuredmedia":[{"embeddable":true,"href":"https:\/\/diarioregionaldigital.com.br\/index.php?rest_route=\/wp\/v2\/media\/160374"}],"wp:attachment":[{"href":"https:\/\/diarioregionaldigital.com.br\/index.php?rest_route=%2Fwp%2Fv2%2Fmedia&parent=160373"}],"wp:term":[{"taxonomy":"category","embeddable":true,"href":"https:\/\/diarioregionaldigital.com.br\/index.php?rest_route=%2Fwp%2Fv2%2Fcategories&post=160373"},{"taxonomy":"post_tag","embeddable":true,"href":"https:\/\/diarioregionaldigital.com.br\/index.php?rest_route=%2Fwp%2Fv2%2Ftags&post=160373"}],"curies":[{"name":"wp","href":"https:\/\/api.w.org\/{rel}","templated":true}]}}