{"id":160365,"date":"2020-05-15T17:57:53","date_gmt":"2020-05-15T20:57:53","guid":{"rendered":"https:\/\/diarioregionaldigital.com.br\/?p=160365"},"modified":"2020-05-15T17:57:53","modified_gmt":"2020-05-15T20:57:53","slug":"stf-destina-r-153-milhoes-da-lava-jato-para-combater-pandemia","status":"publish","type":"post","link":"https:\/\/diarioregionaldigital.com.br\/?p=160365","title":{"rendered":"STF destina R$ 153 milh\u00f5es da Lava Jato para combater pandemia"},"content":{"rendered":"<p>O ministro Alexandre de Moraes, do Supremo Tribunal Federal (STF), determinou hoje (15) que R$ 153 milh\u00f5es recuperados pela Opera\u00e7\u00e3o Lava-Jato sejam destinados para a\u00e7\u00f5es de combate ao novo coronav\u00edrus. Com a decis\u00e3o do ministro, ser\u00e3o destinados R$ 44,2 milh\u00f5es para o Maranh\u00e3o, R$ 79,4 milh\u00f5es para o Mato Grosso e R$ 29,6 milh\u00f5es ao Tocantins. Os valores totalizam R$ 153 milh\u00f5es.<\/p>\n<p>Pela decis\u00e3o, os estados dever\u00e3o comprovar a utiliza\u00e7\u00e3o dos recursos nas a\u00e7\u00f5es de preven\u00e7\u00e3o, conten\u00e7\u00e3o e combate \u00e0 covid-19.<\/p>\n<p>\u201cA emerg\u00eancia causada pela pandemia da covid-19 exige das autoridades brasileiras, em todos os n\u00edveis de governo, a efetiva\u00e7\u00e3o concreta da prote\u00e7\u00e3o \u00e0 sa\u00fade p\u00fablica, com a ado\u00e7\u00e3o de todas as medidas poss\u00edveis para o apoio e manuten\u00e7\u00e3o das atividades do Sistema \u00danico de Sa\u00fade\u201d, afirmou na decis\u00e3o.<\/p>\n<p>Incialmente, os recursos estavam previstos para o combate ao desmatamento e aos inc\u00eandios florestais nos tr\u00eas estados, no entanto, as verbas ainda n\u00e3o tinham sido liberadas. Dessa forma, os governos locais pediram a realoca\u00e7\u00e3o dos recursos.<\/p>\n<p>Em mar\u00e7o, Moraes determinou que R$ 1,6 bilh\u00e3o tamb\u00e9m recuperados Lava Jato fossem destinados ao Minist\u00e9rio da Sa\u00fade para o combate ao novo coronav\u00edrus.<\/p>\n<p>&nbsp;<\/p>\n<p><strong>Fonte:\u00a0<\/strong>Ag\u00eancia Brasil<\/p>\n","protected":false},"excerpt":{"rendered":"<p>O ministro Alexandre de Moraes, do Supremo Tribunal Federal (STF), determinou hoje (15) que R$ 153 milh\u00f5es recuperados pela Opera\u00e7\u00e3o Lava-Jato sejam destinados para a\u00e7\u00f5es de combate ao novo coronav\u00edrus. Com a decis\u00e3o do ministro, ser\u00e3o destinados R$ 44,2 milh\u00f5es para o Maranh\u00e3o, R$ 79,4 milh\u00f5es para o Mato Grosso e R$ 29,6 milh\u00f5es ao [&hellip;]<\/p>\n","protected":false},"author":96,"featured_media":160366,"comment_status":"closed","ping_status":"closed","sticky":false,"template":"","format":"standard","meta":{"footnotes":""},"categories":[436,254,439],"tags":[],"class_list":["post-160365","post","type-post","status-publish","format-standard","has-post-thumbnail","hentry","category-destaque-da-semana","category-politica","category-ultima-hora"],"_links":{"self":[{"href":"https:\/\/diarioregionaldigital.com.br\/index.php?rest_route=\/wp\/v2\/posts\/160365","targetHints":{"allow":["GET"]}}],"collection":[{"href":"https:\/\/diarioregionaldigital.com.br\/index.php?rest_route=\/wp\/v2\/posts"}],"about":[{"href":"https:\/\/diarioregionaldigital.com.br\/index.php?rest_route=\/wp\/v2\/types\/post"}],"author":[{"embeddable":true,"href":"https:\/\/diarioregionaldigital.com.br\/index.php?rest_route=\/wp\/v2\/users\/96"}],"replies":[{"embeddable":true,"href":"https:\/\/diarioregionaldigital.com.br\/index.php?rest_route=%2Fwp%2Fv2%2Fcomments&post=160365"}],"version-history":[{"count":0,"href":"https:\/\/diarioregionaldigital.com.br\/index.php?rest_route=\/wp\/v2\/posts\/160365\/revisions"}],"wp:featuredmedia":[{"embeddable":true,"href":"https:\/\/diarioregionaldigital.com.br\/index.php?rest_route=\/wp\/v2\/media\/160366"}],"wp:attachment":[{"href":"https:\/\/diarioregionaldigital.com.br\/index.php?rest_route=%2Fwp%2Fv2%2Fmedia&parent=160365"}],"wp:term":[{"taxonomy":"category","embeddable":true,"href":"https:\/\/diarioregionaldigital.com.br\/index.php?rest_route=%2Fwp%2Fv2%2Fcategories&post=160365"},{"taxonomy":"post_tag","embeddable":true,"href":"https:\/\/diarioregionaldigital.com.br\/index.php?rest_route=%2Fwp%2Fv2%2Ftags&post=160365"}],"curies":[{"name":"wp","href":"https:\/\/api.w.org\/{rel}","templated":true}]}}