{"id":160363,"date":"2020-05-15T17:54:46","date_gmt":"2020-05-15T20:54:46","guid":{"rendered":"https:\/\/diarioregionaldigital.com.br\/?p=160363"},"modified":"2020-05-15T17:54:46","modified_gmt":"2020-05-15T20:54:46","slug":"juiz-de-fora-concentra-66-dos-casos-de-covid-19-na-zona-da-mata","status":"publish","type":"post","link":"https:\/\/diarioregionaldigital.com.br\/?p=160363","title":{"rendered":"Juiz de Fora concentra 66% dos casos de Covid-19 na Zona da Mata"},"content":{"rendered":"<p>Est\u00e1 no ar a primeira edi\u00e7\u00e3o do boletim informativo JF Salvando Todos, desenvolvido por pesquisadores da Universidade Federal de Juiz de Fora (UFJF). Em sua primeira edi\u00e7\u00e3o, o documento elucida os dados coletados at\u00e9 a \u00faltima quarta-feira (13), que apontam a Zona da Mata como a segunda regi\u00e3o com maior n\u00famero de casos em Minas Gerais, com Juiz de Fora concentrando o maior n\u00famero de casos confirmados: 66%. Al\u00e9m do panorama local, o boletim tamb\u00e9m aborda o cen\u00e1rio no estado e no Brasil.<\/p>\n<p>O documento ser\u00e1 publicado quinzenalmente em uma plataforma on-line e informa de maneira acess\u00edvel, por meio da an\u00e1lise de dados e gr\u00e1ficos, o panorama sobre o coronav\u00edrus em Juiz de Fora e no Brasil. Trata-se de mais um produto resultante da mobiliza\u00e7\u00e3o de pesquisadores da UFJF para a ampla divulga\u00e7\u00e3o de dados seguros, t\u00e9cnicos e estat\u00edsticos acerca da atual pandemia. No site do projeto, tamb\u00e9m est\u00e3o disponibilizadas as notas t\u00e9cnicas elaboradas pelo Grupo de Modelagem Epidemiol\u00f3gica da COVID-19.<\/p>\n<p>\u201cNossa principal motiva\u00e7\u00e3o \u00e9 fazer chegar a todos os cidad\u00e3os, e tamb\u00e9m aos tomadores de decis\u00f5es, os dados oficiais acompanhados de an\u00e1lises estat\u00edsticas e interpreta\u00e7\u00f5es simples, sempre usando uma linguagem acess\u00edvel\u201d, explica o pesquisador do Departamento de Estat\u00edstica, Marcel Vieira, idealizador do boletim JF Salvando Todos.<\/p>\n<p><strong>Esfor\u00e7o coletivo<\/strong><strong>\u00a0<\/strong><\/p>\n<p>O professor Marcel Vieira afirma que o boletim \u00e9 fruto dos esfor\u00e7os coletivos de pesquisadores e estudantes, tanto da UFJF quanto de institui\u00e7\u00f5es parceiras, reunindo colegas das \u00e1reas de Estat\u00edstica, Sa\u00fade e Comunica\u00e7\u00e3o. A pesquisadora M\u00f4nica Prado, do Centro Universit\u00e1rio de Bras\u00edlia, \u00e9 outra aliada do projeto. Vieira tamb\u00e9m destaca a atua\u00e7\u00e3o dos estudantes Pedro Henrique Pacheco e Gabriela dos Santos, que viabilizam a programa\u00e7\u00e3o e produ\u00e7\u00e3o do boletim, respectivamente. Atualmente, a equipe respons\u00e1vel pelo boletim conta com seis colaboradores.<\/p>\n<p>&nbsp;<\/p>\n<p><strong>Fonte:<\/strong>\u00a0Assessoria<\/p>\n","protected":false},"excerpt":{"rendered":"<p>Est\u00e1 no ar a primeira edi\u00e7\u00e3o do boletim informativo JF Salvando Todos, desenvolvido por pesquisadores da Universidade Federal de Juiz de Fora (UFJF). Em sua primeira edi\u00e7\u00e3o, o documento elucida os dados coletados at\u00e9 a \u00faltima quarta-feira (13), que apontam a Zona da Mata como a segunda regi\u00e3o com maior n\u00famero de casos em Minas [&hellip;]<\/p>\n","protected":false},"author":96,"featured_media":157122,"comment_status":"closed","ping_status":"closed","sticky":false,"template":"","format":"standard","meta":{"footnotes":""},"categories":[253,436,440,439],"tags":[],"class_list":["post-160363","post","type-post","status-publish","format-standard","has-post-thumbnail","hentry","category-cidade","category-destaque-da-semana","category-destaques-do-dia","category-ultima-hora"],"_links":{"self":[{"href":"https:\/\/diarioregionaldigital.com.br\/index.php?rest_route=\/wp\/v2\/posts\/160363","targetHints":{"allow":["GET"]}}],"collection":[{"href":"https:\/\/diarioregionaldigital.com.br\/index.php?rest_route=\/wp\/v2\/posts"}],"about":[{"href":"https:\/\/diarioregionaldigital.com.br\/index.php?rest_route=\/wp\/v2\/types\/post"}],"author":[{"embeddable":true,"href":"https:\/\/diarioregionaldigital.com.br\/index.php?rest_route=\/wp\/v2\/users\/96"}],"replies":[{"embeddable":true,"href":"https:\/\/diarioregionaldigital.com.br\/index.php?rest_route=%2Fwp%2Fv2%2Fcomments&post=160363"}],"version-history":[{"count":0,"href":"https:\/\/diarioregionaldigital.com.br\/index.php?rest_route=\/wp\/v2\/posts\/160363\/revisions"}],"wp:featuredmedia":[{"embeddable":true,"href":"https:\/\/diarioregionaldigital.com.br\/index.php?rest_route=\/wp\/v2\/media\/157122"}],"wp:attachment":[{"href":"https:\/\/diarioregionaldigital.com.br\/index.php?rest_route=%2Fwp%2Fv2%2Fmedia&parent=160363"}],"wp:term":[{"taxonomy":"category","embeddable":true,"href":"https:\/\/diarioregionaldigital.com.br\/index.php?rest_route=%2Fwp%2Fv2%2Fcategories&post=160363"},{"taxonomy":"post_tag","embeddable":true,"href":"https:\/\/diarioregionaldigital.com.br\/index.php?rest_route=%2Fwp%2Fv2%2Ftags&post=160363"}],"curies":[{"name":"wp","href":"https:\/\/api.w.org\/{rel}","templated":true}]}}