{"id":160360,"date":"2020-05-15T17:51:32","date_gmt":"2020-05-15T20:51:32","guid":{"rendered":"https:\/\/diarioregionaldigital.com.br\/?p=160360"},"modified":"2020-05-15T17:51:32","modified_gmt":"2020-05-15T20:51:32","slug":"demlurb-higieniza-e-desinfeta-unidades-de-saude-hospitais-ruas-e-pracas","status":"publish","type":"post","link":"https:\/\/diarioregionaldigital.com.br\/?p=160360","title":{"rendered":"Demlurb higieniza e desinfeta unidades de sa\u00fade, hospitais, ruas e pra\u00e7as"},"content":{"rendered":"<p>O Departamento Municipal de Limpeza Urbana (Demlurb), da Prefeitura de Juiz de Fora (PJF), continua realizando trabalhos de higieniza\u00e7\u00e3o e desinfec\u00e7\u00e3o em v\u00e1rios pontos da cidade, em combate \u00e0 covid-19 (coronav\u00edrus). Os servi\u00e7os s\u00e3o feitos durante o dia, \u00e0 noite e de madrugada.<\/p>\n<p>Durante a semana os servi\u00e7os foram realizados nas unidades b\u00e1sicas de Sa\u00fade (UBSs) dos bairros Furtado de Menezes, Vila Ideal, Santa Luzia, Ipiranga, Sagrado Cora\u00e7\u00e3o, Teixeiras, Benfica, Santos Dumont e S\u00e3o Pedro. Os servidores trabalharam tamb\u00e9m em frente a hospitais, como Santa Casa de Miseric\u00f3rdia, &#8220;Jo\u00e3o Penido&#8221;. Maternidade &#8220;Therezinha de Jesus&#8221;, &#8220;Ana Nery&#8221;, Unidade Regional Leste, \u201cAlbert Sabin\u201d, \u201cMonte Sinai\u201d, \u201cNove de Julho\u201d e Pronto Socorro \u201cDoutor Mozart Teixeira\u201d (HPS), al\u00e9m das unidades de pronto atendimento de Santa Luzia, Benfica e S\u00e3o Pedro.<\/p>\n<p>Foram higienizados os centros de Refer\u00eancia de Assist\u00eancia Social (Cras) nos bairros Benfica, Barbosa Lage, Santa Cruz, S\u00e3o Pedro e Ipiranga e o Especializado de Assist\u00eancia Social (Creas) no J\u00f3quei Clube. Receberam os servi\u00e7os tamb\u00e9m as unidades de atendimento social Casa \u201cS\u00e3o Camilo de L\u00e9lis\u201d, Funda\u00e7\u00e3o Esp\u00edrita \u201cJo\u00e3o Freitas\u201d, as casas de Passagem da Mulher, Para Homens e \u201cDilermando Cruz\u201d, do Centro de Educa\u00e7\u00e3o do Menor (CEM) e a de Repouso \u201cMadre Maria S\u00e3o Miguel\u201d, os centros de Refer\u00eancia (em Direitos Humanos), o Centro Pop, o Abrigo \u201cSanta Helena\u201d, o Lar do Idoso \u201cSanta Luiza de Marilac\u201d e o N\u00facleo Travessia. O trabalho incluiu \u00e1reas urbanas centrais, entre elas, as ruas S\u00e3o Sebasti\u00e3o e Braz Bernardino. Todos os pontos de \u00f4nibus do trecho foram higienizados. Algumas pra\u00e7as foram higienizadas e desinfetadas: do Bairro Benfica, do Centro de Artes e Esportes Unificados (CEU), Ant\u00f4nio Carlos, Riachuelo e da Esta\u00e7\u00e3o e o cal\u00e7ad\u00e3o da Rua Halfeld.<\/p>\n<p>Para o processo, o Demlurb utiliza caminh\u00e3o pipa, cedido pela Companhia de Saneamento Municipal (Cesama), e executa a limpeza com hipoclorito de s\u00f3dio, produto apropriado para higieniza\u00e7\u00e3o e desinfec\u00e7\u00e3o total da \u00e1rea, de acordo com a Ag\u00eancia Nacional de Vigil\u00e2ncia Sanit\u00e1ria (Anvisa). Os profissionais envolvidos na atividade utilizam materiais de seguran\u00e7a, como m\u00e1scaras e roupas espec\u00edficas e protetoras.<\/p>\n<p>&nbsp;<\/p>\n<p><strong>Fonte:<\/strong>\u00a0Assessoria<\/p>\n","protected":false},"excerpt":{"rendered":"<p>O Departamento Municipal de Limpeza Urbana (Demlurb), da Prefeitura de Juiz de Fora (PJF), continua realizando trabalhos de higieniza\u00e7\u00e3o e desinfec\u00e7\u00e3o em v\u00e1rios pontos da cidade, em combate \u00e0 covid-19 (coronav\u00edrus). Os servi\u00e7os s\u00e3o feitos durante o dia, \u00e0 noite e de madrugada. Durante a semana os servi\u00e7os foram realizados nas unidades b\u00e1sicas de Sa\u00fade [&hellip;]<\/p>\n","protected":false},"author":96,"featured_media":160361,"comment_status":"closed","ping_status":"closed","sticky":false,"template":"","format":"standard","meta":{"footnotes":""},"categories":[253,436,439],"tags":[],"class_list":["post-160360","post","type-post","status-publish","format-standard","has-post-thumbnail","hentry","category-cidade","category-destaque-da-semana","category-ultima-hora"],"_links":{"self":[{"href":"https:\/\/diarioregionaldigital.com.br\/index.php?rest_route=\/wp\/v2\/posts\/160360","targetHints":{"allow":["GET"]}}],"collection":[{"href":"https:\/\/diarioregionaldigital.com.br\/index.php?rest_route=\/wp\/v2\/posts"}],"about":[{"href":"https:\/\/diarioregionaldigital.com.br\/index.php?rest_route=\/wp\/v2\/types\/post"}],"author":[{"embeddable":true,"href":"https:\/\/diarioregionaldigital.com.br\/index.php?rest_route=\/wp\/v2\/users\/96"}],"replies":[{"embeddable":true,"href":"https:\/\/diarioregionaldigital.com.br\/index.php?rest_route=%2Fwp%2Fv2%2Fcomments&post=160360"}],"version-history":[{"count":0,"href":"https:\/\/diarioregionaldigital.com.br\/index.php?rest_route=\/wp\/v2\/posts\/160360\/revisions"}],"wp:featuredmedia":[{"embeddable":true,"href":"https:\/\/diarioregionaldigital.com.br\/index.php?rest_route=\/wp\/v2\/media\/160361"}],"wp:attachment":[{"href":"https:\/\/diarioregionaldigital.com.br\/index.php?rest_route=%2Fwp%2Fv2%2Fmedia&parent=160360"}],"wp:term":[{"taxonomy":"category","embeddable":true,"href":"https:\/\/diarioregionaldigital.com.br\/index.php?rest_route=%2Fwp%2Fv2%2Fcategories&post=160360"},{"taxonomy":"post_tag","embeddable":true,"href":"https:\/\/diarioregionaldigital.com.br\/index.php?rest_route=%2Fwp%2Fv2%2Ftags&post=160360"}],"curies":[{"name":"wp","href":"https:\/\/api.w.org\/{rel}","templated":true}]}}