{"id":160357,"date":"2020-05-15T17:49:49","date_gmt":"2020-05-15T20:49:49","guid":{"rendered":"https:\/\/diarioregionaldigital.com.br\/?p=160357"},"modified":"2020-05-15T17:49:49","modified_gmt":"2020-05-15T20:49:49","slug":"sds-continua-distribuicao-de-kits-de-higiene-a-populacao-em-situacao-de-rua","status":"publish","type":"post","link":"https:\/\/diarioregionaldigital.com.br\/?p=160357","title":{"rendered":"SDS continua distribui\u00e7\u00e3o de kits de higiene \u00e0 popula\u00e7\u00e3o em situa\u00e7\u00e3o de rua"},"content":{"rendered":"<p>A Secretaria de Desenvolvimento Social (SDS) da Prefeitura de Juiz de Fora (PJF), por meio do Servi\u00e7o de Abordagem Social, est\u00e1 distribuindo kits de higiene pessoal para cidad\u00e3os e cidad\u00e3s em situa\u00e7\u00e3o de rua. A entrega \u00e9 feita aos que n\u00e3o frequentam os setores de atendimento prestados pela pasta.<\/p>\n<p>Os kits s\u00e3o distribu\u00eddos diariamente, e, desta vez, foram entregues na regi\u00e3o central de Juiz de Fora e nas \u00e1reas den\u00fancias pela comunidade. A Universidade Federal de Juiz de Fora (UFJF) fez doa\u00e7\u00f5es para esta a\u00e7\u00e3o.<\/p>\n<p>&nbsp;<\/p>\n<p><strong>Fonte:<\/strong>\u00a0Assessoria<\/p>\n","protected":false},"excerpt":{"rendered":"<p>A Secretaria de Desenvolvimento Social (SDS) da Prefeitura de Juiz de Fora (PJF), por meio do Servi\u00e7o de Abordagem Social, est\u00e1 distribuindo kits de higiene pessoal para cidad\u00e3os e cidad\u00e3s em situa\u00e7\u00e3o de rua. A entrega \u00e9 feita aos que n\u00e3o frequentam os setores de atendimento prestados pela pasta. Os kits s\u00e3o distribu\u00eddos diariamente, e, [&hellip;]<\/p>\n","protected":false},"author":96,"featured_media":160358,"comment_status":"closed","ping_status":"closed","sticky":false,"template":"","format":"standard","meta":{"footnotes":""},"categories":[253,436,439],"tags":[],"class_list":["post-160357","post","type-post","status-publish","format-standard","has-post-thumbnail","hentry","category-cidade","category-destaque-da-semana","category-ultima-hora"],"_links":{"self":[{"href":"https:\/\/diarioregionaldigital.com.br\/index.php?rest_route=\/wp\/v2\/posts\/160357","targetHints":{"allow":["GET"]}}],"collection":[{"href":"https:\/\/diarioregionaldigital.com.br\/index.php?rest_route=\/wp\/v2\/posts"}],"about":[{"href":"https:\/\/diarioregionaldigital.com.br\/index.php?rest_route=\/wp\/v2\/types\/post"}],"author":[{"embeddable":true,"href":"https:\/\/diarioregionaldigital.com.br\/index.php?rest_route=\/wp\/v2\/users\/96"}],"replies":[{"embeddable":true,"href":"https:\/\/diarioregionaldigital.com.br\/index.php?rest_route=%2Fwp%2Fv2%2Fcomments&post=160357"}],"version-history":[{"count":0,"href":"https:\/\/diarioregionaldigital.com.br\/index.php?rest_route=\/wp\/v2\/posts\/160357\/revisions"}],"wp:featuredmedia":[{"embeddable":true,"href":"https:\/\/diarioregionaldigital.com.br\/index.php?rest_route=\/wp\/v2\/media\/160358"}],"wp:attachment":[{"href":"https:\/\/diarioregionaldigital.com.br\/index.php?rest_route=%2Fwp%2Fv2%2Fmedia&parent=160357"}],"wp:term":[{"taxonomy":"category","embeddable":true,"href":"https:\/\/diarioregionaldigital.com.br\/index.php?rest_route=%2Fwp%2Fv2%2Fcategories&post=160357"},{"taxonomy":"post_tag","embeddable":true,"href":"https:\/\/diarioregionaldigital.com.br\/index.php?rest_route=%2Fwp%2Fv2%2Ftags&post=160357"}],"curies":[{"name":"wp","href":"https:\/\/api.w.org\/{rel}","templated":true}]}}