{"id":160354,"date":"2020-05-15T16:54:35","date_gmt":"2020-05-15T19:54:35","guid":{"rendered":"https:\/\/diarioregionaldigital.com.br\/?p=160354"},"modified":"2020-05-15T16:54:35","modified_gmt":"2020-05-15T19:54:35","slug":"ferrari-apresenta-ventilador-para-pacientes-com-coronavirus","status":"publish","type":"post","link":"https:\/\/diarioregionaldigital.com.br\/?p=160354","title":{"rendered":"Ferrari apresenta ventilador para pacientes com Coronav\u00edrus"},"content":{"rendered":"<p>Enquanto a temporada da F1 n\u00e3o come\u00e7a, os 10 times trabalham para desenvolver equipamentos para pacientes diagnosticados com Coronav\u00edrus. Nessa sexta-feira (15), a Ferrari apresentou um ventilador pulmonar concebido, projetado e constru\u00eddo em apenas cinco semanas para ajudar a combater a crise do COVID-19.<\/p>\n<p>Ao todo, a escuderia italiana doar\u00e1 um total de 10 milh\u00f5es de euros e 150 ventiladores ao Departamento de Prote\u00e7\u00e3o Civil italiano, enquanto utilizava sua f\u00e1brica de Maranello para produ\u00e7\u00e3o de v\u00e1lvulas e acess\u00f3rios para m\u00e1scaras de prote\u00e7\u00e3o.<\/p>\n<p>O time vermelho iniciou este projeto ap\u00f3s ser solicitado pelo Instituto Italiano de Tecnologia (ITT), para ajudar a desenvolver dispositivo de ventila\u00e7\u00e3o pulmonar e a partir da\u00ed, foi criado um grupo de trabalho liderado pela Chefe de Engenharia de Chassis da Ferrari, Simone Resta, e pelo Gerente de Inova\u00e7\u00e3o da F1, Corrado Onorato. O resultado, divulgado hoje em uma videoconfer\u00eancia, \u00e9 o ventilador pulmonar FI5 &#8211; F da Ferrari, I do Instituto Italiano de Tecnologia e 5 da ambiciosa meta de cinco semanas do projeto:<\/p>\n<p>\u201cCome\u00e7amos pequeno, mas rapidamente percebemos que precis\u00e1vamos de mais recursos para dedicar ao projeto. J\u00e1 est\u00e1vamos em contato com a Ferrari no passado recente, ent\u00e3o pensamos: por que n\u00e3o? \u00c9 exatamente isso que precisamos: engenheiros que conhecem a din\u00e2mica de fluidos, que podem ajudar no design de um respirador\u201d. Disse o diretor cient\u00edfico do IIT, Professor Giorgio Metta, no lan\u00e7amento do FI5<\/p>\n<p>&nbsp;<\/p>\n","protected":false},"excerpt":{"rendered":"<p>Enquanto a temporada da F1 n\u00e3o come\u00e7a, os 10 times trabalham para desenvolver equipamentos para pacientes diagnosticados com Coronav\u00edrus. Nessa sexta-feira (15), a Ferrari apresentou um ventilador pulmonar concebido, projetado e constru\u00eddo em apenas cinco semanas para ajudar a combater a crise do COVID-19. Ao todo, a escuderia italiana doar\u00e1 um total de 10 milh\u00f5es [&hellip;]<\/p>\n","protected":false},"author":96,"featured_media":160355,"comment_status":"closed","ping_status":"closed","sticky":false,"template":"","format":"standard","meta":{"footnotes":""},"categories":[436,257,439],"tags":[],"class_list":["post-160354","post","type-post","status-publish","format-standard","has-post-thumbnail","hentry","category-destaque-da-semana","category-esporte","category-ultima-hora"],"_links":{"self":[{"href":"https:\/\/diarioregionaldigital.com.br\/index.php?rest_route=\/wp\/v2\/posts\/160354","targetHints":{"allow":["GET"]}}],"collection":[{"href":"https:\/\/diarioregionaldigital.com.br\/index.php?rest_route=\/wp\/v2\/posts"}],"about":[{"href":"https:\/\/diarioregionaldigital.com.br\/index.php?rest_route=\/wp\/v2\/types\/post"}],"author":[{"embeddable":true,"href":"https:\/\/diarioregionaldigital.com.br\/index.php?rest_route=\/wp\/v2\/users\/96"}],"replies":[{"embeddable":true,"href":"https:\/\/diarioregionaldigital.com.br\/index.php?rest_route=%2Fwp%2Fv2%2Fcomments&post=160354"}],"version-history":[{"count":0,"href":"https:\/\/diarioregionaldigital.com.br\/index.php?rest_route=\/wp\/v2\/posts\/160354\/revisions"}],"wp:featuredmedia":[{"embeddable":true,"href":"https:\/\/diarioregionaldigital.com.br\/index.php?rest_route=\/wp\/v2\/media\/160355"}],"wp:attachment":[{"href":"https:\/\/diarioregionaldigital.com.br\/index.php?rest_route=%2Fwp%2Fv2%2Fmedia&parent=160354"}],"wp:term":[{"taxonomy":"category","embeddable":true,"href":"https:\/\/diarioregionaldigital.com.br\/index.php?rest_route=%2Fwp%2Fv2%2Fcategories&post=160354"},{"taxonomy":"post_tag","embeddable":true,"href":"https:\/\/diarioregionaldigital.com.br\/index.php?rest_route=%2Fwp%2Fv2%2Ftags&post=160354"}],"curies":[{"name":"wp","href":"https:\/\/api.w.org\/{rel}","templated":true}]}}