{"id":160351,"date":"2020-05-15T16:53:23","date_gmt":"2020-05-15T19:53:23","guid":{"rendered":"https:\/\/diarioregionaldigital.com.br\/?p=160351"},"modified":"2020-05-15T16:53:23","modified_gmt":"2020-05-15T19:53:23","slug":"cbf-e-unesco-somam-forcas-pelo-projeto-gol-do-brasil","status":"publish","type":"post","link":"https:\/\/diarioregionaldigital.com.br\/?p=160351","title":{"rendered":"CBF e UNESCO somam for\u00e7as pelo projeto Gol do Brasil"},"content":{"rendered":"<p>Implementado h\u00e1 pouco mais de um ano, o projeto Gol do Brasil, a\u00e7\u00e3o social da Confedera\u00e7\u00e3o Brasileira de Futebol (CBF) voltada para crian\u00e7as e adolescentes de 6 a 17 anos em situa\u00e7\u00e3o de vulnerabilidade, acaba de ganhar um refor\u00e7o de peso: a Organiza\u00e7\u00e3o das Na\u00e7\u00f5es Unidas para a Educa\u00e7\u00e3o, a Ci\u00eancia e a Cultura (UNESCO). Na \u00faltima segunda-feira (12), as duas institui\u00e7\u00f5es celebraram o acordo de coopera\u00e7\u00e3o, em uma reuni\u00e3o realizada por meio de videoconfer\u00eancia.<\/p>\n<p>O objetivo desta parceria \u00e9 contar com o conhecimento da entidade internacional para mensurar o impacto social das a\u00e7\u00f5es do Gol do Brasil na vida e na comunidade dos participantes do projeto \u2013 das crian\u00e7as aos instrutores, passando tamb\u00e9m pela fam\u00edlia dos participantes. Ser\u00e3o 18 meses de trabalhos em conjunto que ajudar\u00e3o no desenvolvimento de novos processos, melhorias e aprimoramento da Metodologia CBF Social.<\/p>\n<p>\u201cEstamos muito felizes com esta parceria, que vai trazer consist\u00eancia estrutural ao Gol do Brasil. Existem diversos projetos sociais muito importantes no pa\u00eds, e esperamos elevar o n\u00edvel de nossas iniciativas com a participa\u00e7\u00e3o da UNESCO\u201d, comentou o secret\u00e1rio-geral da CBF, Walter Feldman.<\/p>\n<p>A miss\u00e3o do Gol do Brasil \u00e9 promover cidadania e educa\u00e7\u00e3o por meio do futebol. Para isso, s\u00e3o seguidos os crit\u00e9rios das dez habilidades de vida estabelecidas pela Organiza\u00e7\u00e3o Mundial da Sa\u00fade (OMS), ag\u00eancia tamb\u00e9m ligada \u00e0 ONU: autoconhecimento, relacionamento interpessoal, pensamento cr\u00edtico, pensamento criativo, empatia, resolu\u00e7\u00e3o de problemas, tomada de decis\u00e3o, manejo de emo\u00e7\u00f5es, manejo de estresse e comunica\u00e7\u00e3o eficaz.<\/p>\n<p>A metodologia para o desenvolvimento desta intera\u00e7\u00e3o social pode ser implementada com treinamentos de futebol de campo, sal\u00e3o, praia ou <em>society<\/em>. Al\u00e9m da pr\u00e1tica esportiva, os estudantes contam ainda com acompanhamento psicol\u00f3gico e assist\u00eancia social para auxiliar no ensino das habilidades de vida. Todas as unidades tamb\u00e9m fornecem aos participantes uniformes, equipamentos esportivos e alimenta\u00e7\u00e3o.<\/p>\n<p>\u201cA UNESCO \u2013 ag\u00eancia especializada da ONU em Educa\u00e7\u00e3o, Ci\u00eancia e Cultura \u2013 tem uma importante miss\u00e3o ligada \u00e0 constru\u00e7\u00e3o da cultura de paz desde sua cria\u00e7\u00e3o, em 1945. Nesse sentido, nada melhor do que o esporte como indutor da educa\u00e7\u00e3o para valores e da resolu\u00e7\u00e3o pac\u00edfica de conflitos. Estamos muito felizes com esta parceria que se inicia. Acreditamos que ser\u00e1 uma oportunidade \u00fanica de avaliar o impacto social de um programa t\u00e3o importante como o Gol do Brasil, que, em meio a suas caracter\u00edsticas \u00fanicas, promove a inclus\u00e3o social\u201d, destacou a diretora e representante da UNESCO no Brasil, Marlova Noleto.<\/p>\n<p>Al\u00e9m das crian\u00e7as e dos adolescentes atendidos, o Gol do Brasil tamb\u00e9m visa \u00e0 forma\u00e7\u00e3o de professores capacitados para trabalhar com essa faixa et\u00e1ria. Em 2019, por meio de uma parceria com a <em>CBF Academy<\/em>, 119 profissionais obtiveram a Licen\u00e7a S, voltada justamente para projetos sociais. Todos os instrutores s\u00e3o moradores das cidades onde acontecem as aulas.<\/p>\n<p>Financiado pelo Fundo de Legado da Copa do Mundo da FIFA Brasil 2014, pela CBF e por administra\u00e7\u00f5es municipais, o Gol do Brasil j\u00e1 est\u00e1 em pleno funcionamento em Bel\u00e9m (PA), Recife (PE), S\u00e3o Paulo (SP), Ribeir\u00e3o Pires (SP) e Teres\u00f3polis (RJ). O planejamento \u00e9 para que ele chegue \u00e0 totalidade dos 26 estados do pa\u00eds e tamb\u00e9m ao Distrito Federal.<\/p>\n<p><strong>Fundo de Legado da Copa do Mundo da FIFA Brasil 2014<\/strong><\/p>\n<p>O Fundo Legado Copa do Mundo FIFA tem como objetivo fomentar a pr\u00e1tica futebol\u00edstica nos pa\u00edses que sediam a principal competi\u00e7\u00e3o da modalidade no mundo. No Brasil, que recebeu o Mundial em 2014, esta verba \u00e9 utilizada em tr\u00eas diferentes \u00e1reas de atua\u00e7\u00e3o: Alto Rendimento, Desenvolvimento e Social. At\u00e9 o fim da parceria entre FIFA e CBF ser\u00e3o disponibilizados US$ 100 milh\u00f5es para investimentos em solo brasileiro.<\/p>\n<p><strong>Alto Rendimento<\/strong><\/p>\n<p>S\u00e3o nove as competi\u00e7\u00f5es organizadas pela CBF que contam com recursos do Fundo Legado Copa do Mundo FIFA 2014: Brasileir\u00e3o Feminino A1, A2 e Sub-18, al\u00e9m do Campeonato Brasileiro Masculino Sub-20 e Sub-17, as Copas do Brasil Sub-20 e Sub-17 e tamb\u00e9m as Supercopas Sub-20 e Sub-17. A realiza\u00e7\u00e3o destes torneios \u00e9 fundamental para o calend\u00e1rio de equipes femininas e das categorias de base masculinas. Ao todo s\u00e3o 738 jogos realizados anualmente por meio deste investimento, com 100% deles transmitidos ao vivo em TV, plataformas de streaming ou redes sociais.<\/p>\n<p>Ainda no alto rendimento, o Fundo Legado Copa do Mundo FIFA financia o Simp\u00f3sio M\u00e9dico de Educa\u00e7\u00e3o Continuada, voltado para profissionais que atuam no Departamento M\u00e9dico dos clubes brasileiros. O congresso \u00e9 realizado anualmente.<\/p>\n<p><strong>Social<\/strong><\/p>\n<p>Em parceria com a CBF Social, o Fundo Legado Copa do Mundo FIFA 2014 \u00e9 respons\u00e1vel por financiar parte do projeto Gol do Brasil, que atender\u00e1 mais de 18 mil crian\u00e7as at\u00e9 2022. A a\u00e7\u00e3o, que iniciou em 2019, chegar\u00e1 aos 26 estados do pa\u00eds e tamb\u00e9m ao Distrito Federal. Meninos e meninas entre 6 e 17 anos t\u00eam aulas de futebol, cidadania, respeito \u00e0s diferen\u00e7as e responsabilidade social. O objetivo \u00e9 usar o futebol para contribuir na forma\u00e7\u00e3o integral de cidad\u00e3os.<\/p>\n<p><strong>Desenvolvimento<\/strong><\/p>\n<p>Em 2014, 11 dos 26 estados e mais o Distrito Federal receberam jogos da Copa do Mundo FIFA. Com o Fundo Legado Copa do Mundo FIFA 2014, os outros 15 que n\u00e3o foram sede do Mundial, receber\u00e3o Centros de Desenvolvimento do Futebol. S\u00e3o estruturas f\u00edsicas que contam com campos de grama natural, vesti\u00e1rios e pr\u00e9dio administrativo totalmente equipado. Como o pr\u00f3prio nome j\u00e1 diz, \u00e9 um espa\u00e7o para jovens desenvolverem suas habilidades e evolu\u00edrem com acompanhamento de profissionais. Estes locais visam contribuir na transi\u00e7\u00e3o entre os contatos iniciais com o futebol e o alto rendimento, auxiliando na prepara\u00e7\u00e3o de jovens atletas que sonham um dia em se tornar profissionais da \u00e1rea.<\/p>\n<p>&nbsp;<\/p>\n<p><strong>Fonte:\u00a0<\/strong>CBF<\/p>\n","protected":false},"excerpt":{"rendered":"<p>Implementado h\u00e1 pouco mais de um ano, o projeto Gol do Brasil, a\u00e7\u00e3o social da Confedera\u00e7\u00e3o Brasileira de Futebol (CBF) voltada para crian\u00e7as e adolescentes de 6 a 17 anos em situa\u00e7\u00e3o de vulnerabilidade, acaba de ganhar um refor\u00e7o de peso: a Organiza\u00e7\u00e3o das Na\u00e7\u00f5es Unidas para a Educa\u00e7\u00e3o, a Ci\u00eancia e a Cultura (UNESCO). [&hellip;]<\/p>\n","protected":false},"author":96,"featured_media":160352,"comment_status":"closed","ping_status":"closed","sticky":false,"template":"","format":"standard","meta":{"footnotes":""},"categories":[436,257,439],"tags":[],"class_list":["post-160351","post","type-post","status-publish","format-standard","has-post-thumbnail","hentry","category-destaque-da-semana","category-esporte","category-ultima-hora"],"_links":{"self":[{"href":"https:\/\/diarioregionaldigital.com.br\/index.php?rest_route=\/wp\/v2\/posts\/160351","targetHints":{"allow":["GET"]}}],"collection":[{"href":"https:\/\/diarioregionaldigital.com.br\/index.php?rest_route=\/wp\/v2\/posts"}],"about":[{"href":"https:\/\/diarioregionaldigital.com.br\/index.php?rest_route=\/wp\/v2\/types\/post"}],"author":[{"embeddable":true,"href":"https:\/\/diarioregionaldigital.com.br\/index.php?rest_route=\/wp\/v2\/users\/96"}],"replies":[{"embeddable":true,"href":"https:\/\/diarioregionaldigital.com.br\/index.php?rest_route=%2Fwp%2Fv2%2Fcomments&post=160351"}],"version-history":[{"count":0,"href":"https:\/\/diarioregionaldigital.com.br\/index.php?rest_route=\/wp\/v2\/posts\/160351\/revisions"}],"wp:featuredmedia":[{"embeddable":true,"href":"https:\/\/diarioregionaldigital.com.br\/index.php?rest_route=\/wp\/v2\/media\/160352"}],"wp:attachment":[{"href":"https:\/\/diarioregionaldigital.com.br\/index.php?rest_route=%2Fwp%2Fv2%2Fmedia&parent=160351"}],"wp:term":[{"taxonomy":"category","embeddable":true,"href":"https:\/\/diarioregionaldigital.com.br\/index.php?rest_route=%2Fwp%2Fv2%2Fcategories&post=160351"},{"taxonomy":"post_tag","embeddable":true,"href":"https:\/\/diarioregionaldigital.com.br\/index.php?rest_route=%2Fwp%2Fv2%2Ftags&post=160351"}],"curies":[{"name":"wp","href":"https:\/\/api.w.org\/{rel}","templated":true}]}}