{"id":160348,"date":"2020-05-15T16:52:09","date_gmt":"2020-05-15T19:52:09","guid":{"rendered":"https:\/\/diarioregionaldigital.com.br\/?p=160348"},"modified":"2020-05-15T16:52:09","modified_gmt":"2020-05-15T19:52:09","slug":"cbv-decide-pelo-encerramento-da-temporada-19-20-do-circuito-brasileiro-de-volei-de-praia","status":"publish","type":"post","link":"https:\/\/diarioregionaldigital.com.br\/?p=160348","title":{"rendered":"CBV decide pelo encerramento da temporada 19\/20 do Circuito Brasileiro de v\u00f4lei de praia"},"content":{"rendered":"<p>A Confedera\u00e7\u00e3o Brasileira de Voleibol (CBV) decidiu pelo encerramento da temporada 2019\/2020 do Circuito Brasileiro de V\u00f4lei de Praia em virtude da pandemia da COVID-19. A decis\u00e3o foi tomada em conjunto na \u00faltima ter\u00e7a-feira (12) com a Comiss\u00e3o de Atletas de v\u00f4lei de praia, representada pelo campe\u00e3o ol\u00edmpico e presidente Emanuel Rego, pelo vice-presidente Harley Marques, e pelos membros Oscar Brand\u00e3o e Josi Alves.<\/p>\n<p>As duas etapas que seriam realizadas pela temporada 19\/20 \u2013 Rio de Janeiro (RJ) e Itapema (SC) \u2013 far\u00e3o parte do calend\u00e1rio 2020\/2021 do Circuito Brasileiro, que ter\u00e1 nove eventos Open e um SuperPraia. No naipe masculino, Andr\u00e9 Stein e George (ES\/PB) j\u00e1 haviam garantido o t\u00edtulo por antecipa\u00e7\u00e3o, na etapa realizada em Aracaju (SE).<\/p>\n<p>No naipe feminino, Ana Patr\u00edcia e Rebecca, que lideravam o ranking com grande vantagem, foram declaradas campe\u00e3s. A parceria precisava apenas entrar em quadra na etapa que seria realizada no Rio de Janeiro (RJ) para confirmar a conquista, mesmo com derrota.<\/p>\n<p>&#8220;Acredito que tivemos a melhor decis\u00e3o em virtude do momento atual, principalmente tendo em vista o quadro de indefini\u00e7\u00e3o pela pandemia da COVID-19. Agora vamos trabalhar na elabora\u00e7\u00e3o do calend\u00e1rio 2020\/2021, com a ajuda da Comiss\u00e3o de Atletas, aumentando o n\u00famero de etapas da pr\u00f3xima temporada, com previs\u00e3o de in\u00edcio em setembro&#8221;, disse Jos\u00e9 Virg\u00edlio Pires, Superintendente de v\u00f4lei de praia da CBV.<\/p>\n<p>&nbsp;<\/p>\n<p><strong>Fonte:\u00a0<\/strong>Assessoria<\/p>\n","protected":false},"excerpt":{"rendered":"<p>A Confedera\u00e7\u00e3o Brasileira de Voleibol (CBV) decidiu pelo encerramento da temporada 2019\/2020 do Circuito Brasileiro de V\u00f4lei de Praia em virtude da pandemia da COVID-19. A decis\u00e3o foi tomada em conjunto na \u00faltima ter\u00e7a-feira (12) com a Comiss\u00e3o de Atletas de v\u00f4lei de praia, representada pelo campe\u00e3o ol\u00edmpico e presidente Emanuel Rego, pelo vice-presidente Harley [&hellip;]<\/p>\n","protected":false},"author":96,"featured_media":160349,"comment_status":"closed","ping_status":"closed","sticky":false,"template":"","format":"standard","meta":{"footnotes":""},"categories":[436,257,439],"tags":[],"class_list":["post-160348","post","type-post","status-publish","format-standard","has-post-thumbnail","hentry","category-destaque-da-semana","category-esporte","category-ultima-hora"],"_links":{"self":[{"href":"https:\/\/diarioregionaldigital.com.br\/index.php?rest_route=\/wp\/v2\/posts\/160348","targetHints":{"allow":["GET"]}}],"collection":[{"href":"https:\/\/diarioregionaldigital.com.br\/index.php?rest_route=\/wp\/v2\/posts"}],"about":[{"href":"https:\/\/diarioregionaldigital.com.br\/index.php?rest_route=\/wp\/v2\/types\/post"}],"author":[{"embeddable":true,"href":"https:\/\/diarioregionaldigital.com.br\/index.php?rest_route=\/wp\/v2\/users\/96"}],"replies":[{"embeddable":true,"href":"https:\/\/diarioregionaldigital.com.br\/index.php?rest_route=%2Fwp%2Fv2%2Fcomments&post=160348"}],"version-history":[{"count":0,"href":"https:\/\/diarioregionaldigital.com.br\/index.php?rest_route=\/wp\/v2\/posts\/160348\/revisions"}],"wp:featuredmedia":[{"embeddable":true,"href":"https:\/\/diarioregionaldigital.com.br\/index.php?rest_route=\/wp\/v2\/media\/160349"}],"wp:attachment":[{"href":"https:\/\/diarioregionaldigital.com.br\/index.php?rest_route=%2Fwp%2Fv2%2Fmedia&parent=160348"}],"wp:term":[{"taxonomy":"category","embeddable":true,"href":"https:\/\/diarioregionaldigital.com.br\/index.php?rest_route=%2Fwp%2Fv2%2Fcategories&post=160348"},{"taxonomy":"post_tag","embeddable":true,"href":"https:\/\/diarioregionaldigital.com.br\/index.php?rest_route=%2Fwp%2Fv2%2Ftags&post=160348"}],"curies":[{"name":"wp","href":"https:\/\/api.w.org\/{rel}","templated":true}]}}