{"id":160345,"date":"2020-05-15T16:50:20","date_gmt":"2020-05-15T19:50:20","guid":{"rendered":"https:\/\/diarioregionaldigital.com.br\/?p=160345"},"modified":"2020-05-15T16:50:20","modified_gmt":"2020-05-15T19:50:20","slug":"cob-e-confederacoes-usam-ambiente-virtual-para-movimentar-o-esporte-olimpico","status":"publish","type":"post","link":"https:\/\/diarioregionaldigital.com.br\/?p=160345","title":{"rendered":"COB e Confedera\u00e7\u00f5es usam ambiente virtual para movimentar o esporte ol\u00edmpico"},"content":{"rendered":"<p>O isolamento social como medida protetiva \u00e0 pandemia de COVID-19 (coronav\u00edrus) est\u00e1 desafiando todas as institui\u00e7\u00f5es a se reinventarem. O esporte, sem competi\u00e7\u00f5es e nem treinamentos, tem usado o ambiente virtual como grande aliado durante o per\u00edodo de quarentena no pa\u00eds inteiro. As atividades realizadas pela internet pelos \u00f3rg\u00e3os gestores das modalidades ol\u00edmpicas v\u00e3o desde reuni\u00f5es di\u00e1rias entre colaboradores at\u00e9 treinos em casa e competi\u00e7\u00f5es virtuais entre principais atletas da modalidades, passando pela realiza\u00e7\u00e3o de Assembleias, e, \u00e9 claro, as lives com integrantes das comiss\u00f5es t\u00e9cnicas multidisciplinares com dicas para os esportistas e com os atletas de destaque falando sobre suas carreiras.<\/p>\n<p>\u201cO Comit\u00ea Ol\u00edmpico do Brasil se mobilizou para inspirar e sensibilizar a sociedade no combate \u00e0 COVID-19 usando as redes sociais da entidade que contam com milhares de seguidores.. Em parceria com as Confedera\u00e7\u00f5es e, mais recentemente, com o Comit\u00ea Paral\u00edmpico Brasileiro, temos realizados lives com grande repercuss\u00e3o entre os f\u00e3s do esportes e os ve\u00edculos de imprensa. Criamos duas campanhas virtuais que tiveram grande ades\u00e3o. A tecnologia \u00e9 uma grande aliada para continuarmos disseminando os valores ol\u00edmpicos nesse per\u00edodo dif\u00edcil pelo qual estamos passando\u201d, disse Manoela Penna, diretora de Comunica\u00e7\u00e3o e Marketing do COB.<\/p>\n<p>O COB est\u00e1 realizando as campanhas digitais #Um\u00danicoTime para conscientiza\u00e7\u00e3o dos protocolos de preven\u00e7\u00e3o ao novo coronav\u00edrus e #TimeBrasilemCasa de apoio aos trabalhadores na linha de frente de combate ao COVID-19. Pensando na situa\u00e7\u00e3o das crian\u00e7as durante o per\u00edodo de isolamento social, houve tamb\u00e9m a cria\u00e7\u00e3o de material l\u00fadico (cadernos de colorir e passatempo), que foi disponibilizado gratuitamente pelo site e redes sociais do COB para download.<\/p>\n<p>O mote da atua\u00e7\u00e3o das Confedera\u00e7\u00f5es n\u00e3o \u00e9 diferente. Alguns dos pontos em comum entre todas as entidades s\u00e3o o atendimento aos atletas em diversas \u00e1reas como m\u00e9dica, nutricional, prepara\u00e7\u00e3o f\u00edsica e t\u00e9cnica, dentre outras, e a orienta\u00e7\u00e3o sobre atividades e prote\u00e7\u00e3o da sa\u00fade durante a pandemia. Al\u00e9m de, obviamente, as lives com os principais nomes das modalidades.<\/p>\n<p>&nbsp;<\/p>\n<p><strong>Fonte:\u00a0<\/strong>COB<\/p>\n","protected":false},"excerpt":{"rendered":"<p>O isolamento social como medida protetiva \u00e0 pandemia de COVID-19 (coronav\u00edrus) est\u00e1 desafiando todas as institui\u00e7\u00f5es a se reinventarem. O esporte, sem competi\u00e7\u00f5es e nem treinamentos, tem usado o ambiente virtual como grande aliado durante o per\u00edodo de quarentena no pa\u00eds inteiro. As atividades realizadas pela internet pelos \u00f3rg\u00e3os gestores das modalidades ol\u00edmpicas v\u00e3o desde [&hellip;]<\/p>\n","protected":false},"author":96,"featured_media":160346,"comment_status":"closed","ping_status":"closed","sticky":false,"template":"","format":"standard","meta":{"footnotes":""},"categories":[436,257,439],"tags":[],"class_list":["post-160345","post","type-post","status-publish","format-standard","has-post-thumbnail","hentry","category-destaque-da-semana","category-esporte","category-ultima-hora"],"_links":{"self":[{"href":"https:\/\/diarioregionaldigital.com.br\/index.php?rest_route=\/wp\/v2\/posts\/160345","targetHints":{"allow":["GET"]}}],"collection":[{"href":"https:\/\/diarioregionaldigital.com.br\/index.php?rest_route=\/wp\/v2\/posts"}],"about":[{"href":"https:\/\/diarioregionaldigital.com.br\/index.php?rest_route=\/wp\/v2\/types\/post"}],"author":[{"embeddable":true,"href":"https:\/\/diarioregionaldigital.com.br\/index.php?rest_route=\/wp\/v2\/users\/96"}],"replies":[{"embeddable":true,"href":"https:\/\/diarioregionaldigital.com.br\/index.php?rest_route=%2Fwp%2Fv2%2Fcomments&post=160345"}],"version-history":[{"count":0,"href":"https:\/\/diarioregionaldigital.com.br\/index.php?rest_route=\/wp\/v2\/posts\/160345\/revisions"}],"wp:featuredmedia":[{"embeddable":true,"href":"https:\/\/diarioregionaldigital.com.br\/index.php?rest_route=\/wp\/v2\/media\/160346"}],"wp:attachment":[{"href":"https:\/\/diarioregionaldigital.com.br\/index.php?rest_route=%2Fwp%2Fv2%2Fmedia&parent=160345"}],"wp:term":[{"taxonomy":"category","embeddable":true,"href":"https:\/\/diarioregionaldigital.com.br\/index.php?rest_route=%2Fwp%2Fv2%2Fcategories&post=160345"},{"taxonomy":"post_tag","embeddable":true,"href":"https:\/\/diarioregionaldigital.com.br\/index.php?rest_route=%2Fwp%2Fv2%2Ftags&post=160345"}],"curies":[{"name":"wp","href":"https:\/\/api.w.org\/{rel}","templated":true}]}}