{"id":160342,"date":"2020-05-15T14:36:46","date_gmt":"2020-05-15T17:36:46","guid":{"rendered":"https:\/\/diarioregionaldigital.com.br\/?p=160342"},"modified":"2020-05-15T14:36:46","modified_gmt":"2020-05-15T17:36:46","slug":"ufjf-defende-adiamento-do-enem","status":"publish","type":"post","link":"https:\/\/diarioregionaldigital.com.br\/?p=160342","title":{"rendered":"UFJF defende adiamento do Enem"},"content":{"rendered":"<p><span style=\"font-weight: 400;\">A Administra\u00e7\u00e3o Central da Universidade Federal de Juiz de Fora torna p\u00fablica sua preocupa\u00e7\u00e3o com a manuten\u00e7\u00e3o das datas previstas das provas do Exame Nacional do Ensino M\u00e9dio (Enem) por parte do Minist\u00e9rio da Educa\u00e7\u00e3o (realizado pelo Instituto Nacional de Pesquisas Educacionais An\u00edsio Teixeira \u2013 Inep) e defende o imediato adiamento das provas em fun\u00e7\u00e3o da pandemia do novo coronav\u00edrus.<\/span><\/p>\n<p><span style=\"font-weight: 400;\">Nossa posi\u00e7\u00e3o se fundamenta na convic\u00e7\u00e3o de que a realiza\u00e7\u00e3o das provas em novembro incorrer\u00e1 em graves preju\u00edzos para os estudantes do ensino m\u00e9dio e outros candidatos em situa\u00e7\u00e3o de vulnerabilidade socioecon\u00f4mica. Neste momento, as enormes desigualdades sociais existentes no pa\u00eds, agravadas pela vulnerabilidade \u00e0 doen\u00e7a Covid-19 e pelo per\u00edodo de isolamento social, inserem quest\u00f5es imprevistas que n\u00e3o podem ser ignoradas.<\/span><\/p>\n<p><span style=\"font-weight: 400;\">O Enem configura-se como uma avalia\u00e7\u00e3o que permite aos candidatos vagas no Ensino Superior P\u00fablico em uma forma de sele\u00e7\u00e3o democr\u00e1tica. A UFJF \u00e9 uma das IFES que utilizam essa avalia\u00e7\u00e3o como possibilidade seletiva para ocupa\u00e7\u00e3o das suas vagas.<\/span><\/p>\n<p><span style=\"font-weight: 400;\">A inser\u00e7\u00e3o democr\u00e1tica exige um tratamento igualit\u00e1rio aos que sonham entrar em uma universidade p\u00fablica, gratuita e de qualidade. Assim, a UFJF entende que parte significativa dos e das estudantes que se inscreverem para as provas vivem atualmente dificuldades socioecon\u00f4micas, n\u00e3o t\u00eam acesso \u00e0 internet, \u00e0s tecnologias, o que sinaliza a amplia\u00e7\u00e3o das desigualdades e a falta de equidade na busca por uma vaga no ensino superior p\u00fablico, direcionando portanto esta nota.<\/span><\/p>\n<p>&nbsp;<\/p>\n<p><strong>Fonte:\u00a0<\/strong>Assessoria<\/p>\n","protected":false},"excerpt":{"rendered":"<p>A Administra\u00e7\u00e3o Central da Universidade Federal de Juiz de Fora torna p\u00fablica sua preocupa\u00e7\u00e3o com a manuten\u00e7\u00e3o das datas previstas das provas do Exame Nacional do Ensino M\u00e9dio (Enem) por parte do Minist\u00e9rio da Educa\u00e7\u00e3o (realizado pelo Instituto Nacional de Pesquisas Educacionais An\u00edsio Teixeira \u2013 Inep) e defende o imediato adiamento das provas em fun\u00e7\u00e3o [&hellip;]<\/p>\n","protected":false},"author":96,"featured_media":160343,"comment_status":"closed","ping_status":"closed","sticky":false,"template":"","format":"standard","meta":{"footnotes":""},"categories":[253,436,439],"tags":[],"class_list":["post-160342","post","type-post","status-publish","format-standard","has-post-thumbnail","hentry","category-cidade","category-destaque-da-semana","category-ultima-hora"],"_links":{"self":[{"href":"https:\/\/diarioregionaldigital.com.br\/index.php?rest_route=\/wp\/v2\/posts\/160342","targetHints":{"allow":["GET"]}}],"collection":[{"href":"https:\/\/diarioregionaldigital.com.br\/index.php?rest_route=\/wp\/v2\/posts"}],"about":[{"href":"https:\/\/diarioregionaldigital.com.br\/index.php?rest_route=\/wp\/v2\/types\/post"}],"author":[{"embeddable":true,"href":"https:\/\/diarioregionaldigital.com.br\/index.php?rest_route=\/wp\/v2\/users\/96"}],"replies":[{"embeddable":true,"href":"https:\/\/diarioregionaldigital.com.br\/index.php?rest_route=%2Fwp%2Fv2%2Fcomments&post=160342"}],"version-history":[{"count":0,"href":"https:\/\/diarioregionaldigital.com.br\/index.php?rest_route=\/wp\/v2\/posts\/160342\/revisions"}],"wp:featuredmedia":[{"embeddable":true,"href":"https:\/\/diarioregionaldigital.com.br\/index.php?rest_route=\/wp\/v2\/media\/160343"}],"wp:attachment":[{"href":"https:\/\/diarioregionaldigital.com.br\/index.php?rest_route=%2Fwp%2Fv2%2Fmedia&parent=160342"}],"wp:term":[{"taxonomy":"category","embeddable":true,"href":"https:\/\/diarioregionaldigital.com.br\/index.php?rest_route=%2Fwp%2Fv2%2Fcategories&post=160342"},{"taxonomy":"post_tag","embeddable":true,"href":"https:\/\/diarioregionaldigital.com.br\/index.php?rest_route=%2Fwp%2Fv2%2Ftags&post=160342"}],"curies":[{"name":"wp","href":"https:\/\/api.w.org\/{rel}","templated":true}]}}