{"id":160339,"date":"2020-05-15T14:30:30","date_gmt":"2020-05-15T17:30:30","guid":{"rendered":"https:\/\/diarioregionaldigital.com.br\/?p=160339"},"modified":"2020-05-15T14:30:30","modified_gmt":"2020-05-15T17:30:30","slug":"ufjf-adia-datas-dos-modulos-i-ii-e-iii-do-pism","status":"publish","type":"post","link":"https:\/\/diarioregionaldigital.com.br\/?p=160339","title":{"rendered":"UFJF adia datas dos m\u00f3dulos I, II e III do Pism"},"content":{"rendered":"<p>A Universidade Federal de Juiz de Fora (UFJF), anunciou nessa sexta-feira (15), o adiamento dos tr\u00eas m\u00f3dulos do PISM em decorr\u00eancia da epidemia do Coronav\u00edrus. At\u00e9 ent\u00e3o, n\u00e3o h\u00e1 previs\u00e3o para novas datas. A entidade cita tamb\u00e9m o agravamento das desigualdades socioecon\u00f4micas, o aumento do desemprego e a falta de equidade nos processos educativos em que os estudantes de diferentes redes de ensino est\u00e3o inseridos.<\/p>\n<p>Em comunicado oficial, a institui\u00e7\u00e3o informa \u201cque est\u00e1 acompanhando atentamente as mudan\u00e7as nos cen\u00e1rios nacional, regional e local. Tais mudan\u00e7as indicar\u00e3o a possibilidade de apresenta\u00e7\u00e3o e ampla divulga\u00e7\u00e3o de novas datas.\u201d<\/p>\n<p>&nbsp;<\/p>\n","protected":false},"excerpt":{"rendered":"<p>A Universidade Federal de Juiz de Fora (UFJF), anunciou nessa sexta-feira (15), o adiamento dos tr\u00eas m\u00f3dulos do PISM em decorr\u00eancia da epidemia do Coronav\u00edrus. At\u00e9 ent\u00e3o, n\u00e3o h\u00e1 previs\u00e3o para novas datas. A entidade cita tamb\u00e9m o agravamento das desigualdades socioecon\u00f4micas, o aumento do desemprego e a falta de equidade nos processos educativos em [&hellip;]<\/p>\n","protected":false},"author":96,"featured_media":160340,"comment_status":"closed","ping_status":"closed","sticky":false,"template":"","format":"standard","meta":{"footnotes":""},"categories":[253,436,440,439],"tags":[],"class_list":["post-160339","post","type-post","status-publish","format-standard","has-post-thumbnail","hentry","category-cidade","category-destaque-da-semana","category-destaques-do-dia","category-ultima-hora"],"_links":{"self":[{"href":"https:\/\/diarioregionaldigital.com.br\/index.php?rest_route=\/wp\/v2\/posts\/160339","targetHints":{"allow":["GET"]}}],"collection":[{"href":"https:\/\/diarioregionaldigital.com.br\/index.php?rest_route=\/wp\/v2\/posts"}],"about":[{"href":"https:\/\/diarioregionaldigital.com.br\/index.php?rest_route=\/wp\/v2\/types\/post"}],"author":[{"embeddable":true,"href":"https:\/\/diarioregionaldigital.com.br\/index.php?rest_route=\/wp\/v2\/users\/96"}],"replies":[{"embeddable":true,"href":"https:\/\/diarioregionaldigital.com.br\/index.php?rest_route=%2Fwp%2Fv2%2Fcomments&post=160339"}],"version-history":[{"count":0,"href":"https:\/\/diarioregionaldigital.com.br\/index.php?rest_route=\/wp\/v2\/posts\/160339\/revisions"}],"wp:featuredmedia":[{"embeddable":true,"href":"https:\/\/diarioregionaldigital.com.br\/index.php?rest_route=\/wp\/v2\/media\/160340"}],"wp:attachment":[{"href":"https:\/\/diarioregionaldigital.com.br\/index.php?rest_route=%2Fwp%2Fv2%2Fmedia&parent=160339"}],"wp:term":[{"taxonomy":"category","embeddable":true,"href":"https:\/\/diarioregionaldigital.com.br\/index.php?rest_route=%2Fwp%2Fv2%2Fcategories&post=160339"},{"taxonomy":"post_tag","embeddable":true,"href":"https:\/\/diarioregionaldigital.com.br\/index.php?rest_route=%2Fwp%2Fv2%2Ftags&post=160339"}],"curies":[{"name":"wp","href":"https:\/\/api.w.org\/{rel}","templated":true}]}}