{"id":160332,"date":"2020-05-15T14:02:09","date_gmt":"2020-05-15T17:02:09","guid":{"rendered":"https:\/\/diarioregionaldigital.com.br\/?p=160332"},"modified":"2020-05-15T14:02:09","modified_gmt":"2020-05-15T17:02:09","slug":"nova-parcela-do-auxilio-emergencial-comeca-a-ser-paga-na-segunda","status":"publish","type":"post","link":"https:\/\/diarioregionaldigital.com.br\/?p=160332","title":{"rendered":"Nova parcela do aux\u00edlio emergencial come\u00e7a a ser paga na segunda"},"content":{"rendered":"<p>A Caixa Econ\u00f4mica Federal come\u00e7ar\u00e1 a creditar a segunda parcela do aux\u00edlio emergencial de R$ 600 a partir desta segunda-feira (18), informou o presidente do banco estatal, Pedro Guimar\u00e3es, durante a <em>live<\/em> semanal do presidente Jair Bolsonaro.<\/p>\n<p>&#8220;N\u00f3s come\u00e7amos na segunda-feira. Amanh\u00e3, \u00e0s 15h da tarde, eu e o ministro Onyx [Lorenzoni, da Cidadania] vamos dar todos os detalhes. Mas n\u00f3s come\u00e7amos na segunda e faremos toda a quest\u00e3o via m\u00eas de nascimento, exatamente para que n\u00f3s tenhamos uma tranquilidade maior no pagamento. Amanh\u00e3 a gente detalha&#8221;, antecipou Guimar\u00e3es.<\/p>\n<p>Ao todo, cerca de 50 milh\u00f5es de pessoas est\u00e3o inscritas no programa, criado para garantir uma renda b\u00e1sica emergencial durante tr\u00eas meses, para o enfrentamento dos efeitos econ\u00f4micos da pandemia do novo coronav\u00edrus. O benef\u00edcio \u00e9 pago para trabalhadores informais e pessoas de baixa renda, inscritos do cadastro social do governo e no Bolsa Fam\u00edlia.<\/p>\n<p><strong>Contas digitais<\/strong><\/p>\n<p>Ainda segundo o presidente da Caixa, o banco vai oferecer, de gra\u00e7a, uma conta digital para todos os benefici\u00e1rios do aux\u00edlio emergencial. At\u00e9 ent\u00e3o, o banco s\u00f3 havia aberto contas digitais para pessoas cadastradas que n\u00e3o tinham conta banc\u00e1ria informada. &#8220;\u00c9 o maior programa de inclus\u00e3o digital do Brasil, que tem not\u00edcia, de todos os tempos, e numa velocidade muito grande&#8221;, enfatizou Guimar\u00e3es.<\/p>\n<p><strong>Aux\u00edlio irregular<\/strong><\/p>\n<p>Durante a<em> live<\/em>, o presidente Jair Bolsonaro comentou sobre o pagamento irregular do aux\u00edlio emergencial a militares. As irregularidades foram detectadas ap\u00f3s o minist\u00e9rios da Defesa e da Cidadania realizarem um cruzamento de dados e identificarem que 73,2 mil militares ativos, inativos, tempor\u00e1rios, pensionistas e anistiados receberam a ajuda do governo.<\/p>\n<p>&#8220;O que aconteceu com muitos recrutas, n\u00e3o sei precisar o n\u00famero aqui. Como ano passado eles n\u00e3o declararam renda, e ficava dif\u00edcil passar no filtro, eles se inscreveram como benefici\u00e1rios e receberam os R$ 600, s\u00f3 que foram plotados, foram descobertos e, no nosso meio, quando algu\u00e9m faz algo errado, o bicho pega. Ent\u00e3o, v\u00e3o devolver essa grana e v\u00e3o sofrer, com toda certeza, uma puni\u00e7\u00e3o disciplinar&#8221;, afirmou.<\/p>\n<p>Uma decis\u00e3o do Tribunal de Contas de Uni\u00e3o (TCU) tamb\u00e9m obrigou os militares acusados de receber irregularmente o aux\u00edlio emergencial a devolverem os valores aos cofres p\u00fablicos.<\/p>\n<p>&nbsp;<\/p>\n<p><strong>Fonte:\u00a0<\/strong>Ag\u00eancia Brasil<\/p>\n","protected":false},"excerpt":{"rendered":"<p>A Caixa Econ\u00f4mica Federal come\u00e7ar\u00e1 a creditar a segunda parcela do aux\u00edlio emergencial de R$ 600 a partir desta segunda-feira (18), informou o presidente do banco estatal, Pedro Guimar\u00e3es, durante a live semanal do presidente Jair Bolsonaro. &#8220;N\u00f3s come\u00e7amos na segunda-feira. Amanh\u00e3, \u00e0s 15h da tarde, eu e o ministro Onyx [Lorenzoni, da Cidadania] vamos [&hellip;]<\/p>\n","protected":false},"author":96,"featured_media":160333,"comment_status":"closed","ping_status":"closed","sticky":false,"template":"","format":"standard","meta":{"footnotes":""},"categories":[436,261,439],"tags":[],"class_list":["post-160332","post","type-post","status-publish","format-standard","has-post-thumbnail","hentry","category-destaque-da-semana","category-economia","category-ultima-hora"],"_links":{"self":[{"href":"https:\/\/diarioregionaldigital.com.br\/index.php?rest_route=\/wp\/v2\/posts\/160332","targetHints":{"allow":["GET"]}}],"collection":[{"href":"https:\/\/diarioregionaldigital.com.br\/index.php?rest_route=\/wp\/v2\/posts"}],"about":[{"href":"https:\/\/diarioregionaldigital.com.br\/index.php?rest_route=\/wp\/v2\/types\/post"}],"author":[{"embeddable":true,"href":"https:\/\/diarioregionaldigital.com.br\/index.php?rest_route=\/wp\/v2\/users\/96"}],"replies":[{"embeddable":true,"href":"https:\/\/diarioregionaldigital.com.br\/index.php?rest_route=%2Fwp%2Fv2%2Fcomments&post=160332"}],"version-history":[{"count":0,"href":"https:\/\/diarioregionaldigital.com.br\/index.php?rest_route=\/wp\/v2\/posts\/160332\/revisions"}],"wp:featuredmedia":[{"embeddable":true,"href":"https:\/\/diarioregionaldigital.com.br\/index.php?rest_route=\/wp\/v2\/media\/160333"}],"wp:attachment":[{"href":"https:\/\/diarioregionaldigital.com.br\/index.php?rest_route=%2Fwp%2Fv2%2Fmedia&parent=160332"}],"wp:term":[{"taxonomy":"category","embeddable":true,"href":"https:\/\/diarioregionaldigital.com.br\/index.php?rest_route=%2Fwp%2Fv2%2Fcategories&post=160332"},{"taxonomy":"post_tag","embeddable":true,"href":"https:\/\/diarioregionaldigital.com.br\/index.php?rest_route=%2Fwp%2Fv2%2Ftags&post=160332"}],"curies":[{"name":"wp","href":"https:\/\/api.w.org\/{rel}","templated":true}]}}