{"id":160329,"date":"2020-05-15T13:59:00","date_gmt":"2020-05-15T16:59:00","guid":{"rendered":"https:\/\/diarioregionaldigital.com.br\/?p=160329"},"modified":"2020-05-15T13:59:00","modified_gmt":"2020-05-15T16:59:00","slug":"projeto-cria-programa-nacional-para-proteger-a-saude-de-profissionais-de-seguranca-publica","status":"publish","type":"post","link":"https:\/\/diarioregionaldigital.com.br\/?p=160329","title":{"rendered":"Projeto cria programa nacional para proteger a sa\u00fade de profissionais de seguran\u00e7a p\u00fablica"},"content":{"rendered":"<p>O Projeto de Lei 2493\/20 cria um programa nacional para proteger a sa\u00fade de profissionais de seguran\u00e7a p\u00fablica durante o combate \u00e0 pandemia de Covid-19. O texto assegura a esses profissionais acesso gratuito e peri\u00f3dico, em car\u00e1ter de urg\u00eancia, a diversos itens e equipamentos de prote\u00e7\u00e3o. O Programa Emergencial para Preven\u00e7\u00e3o ao Novo Coronav\u00edrus entre os Profissionais de Seguran\u00e7a P\u00fablica est\u00e1 em an\u00e1lise na C\u00e2mara dos Deputados.<\/p>\n<p>Segundo o projeto, Uni\u00e3o, estados e munic\u00edpios dever\u00e3o garantir que todos os profissionais da \u00e1rea de seguran\u00e7a p\u00fablica tenham \u00e0 disposi\u00e7\u00e3o: \u00e1lcool em gel, equipamentos de prote\u00e7\u00e3o individual (EPIs), testes r\u00e1pidos, exames, medicamentos e materiais informativos sobre a doen\u00e7a. Prev\u00ea ainda a higieniza\u00e7\u00e3o das viaturas e dos equipamentos por eles utilizados.<\/p>\n<p>&#8220;Inexiste no \u00e2mbito do governo federal, qualquer iniciativa, no sentindo de proteger a vida e a sa\u00fade dos profissionais de seguran\u00e7a p\u00fablica, o que poder\u00e1 implicar em altas taxas de mortandade de profissionais da seguran\u00e7a p\u00fablica e de seus familiares\u201d, diz a justificativa apresentada pelo deputado Paul\u00e3o (PT-AL) juntamente com outros 38 deputados do PT, autores do projeto.<\/p>\n<p>Segundo eles, o alto grau de transmissibilidade da Covid-19 exp\u00f5e os profissionais da seguran\u00e7a p\u00fablica em raz\u00e3o da necessidade ininterrupta de oferecer seguran\u00e7a a toda a popula\u00e7\u00e3o brasileira.<\/p>\n<p>O texto obriga a Uni\u00e3o a destinar R$ 300 milh\u00f5es ao programa. O recurso ser\u00e1 distribu\u00eddo entre os entes federados que aderirem ao programa.<\/p>\n<p>&nbsp;<\/p>\n<p><strong>Fonte:\u00a0<\/strong>Ag\u00eancia C\u00e2mara<\/p>\n","protected":false},"excerpt":{"rendered":"<p>O Projeto de Lei 2493\/20 cria um programa nacional para proteger a sa\u00fade de profissionais de seguran\u00e7a p\u00fablica durante o combate \u00e0 pandemia de Covid-19. O texto assegura a esses profissionais acesso gratuito e peri\u00f3dico, em car\u00e1ter de urg\u00eancia, a diversos itens e equipamentos de prote\u00e7\u00e3o. O Programa Emergencial para Preven\u00e7\u00e3o ao Novo Coronav\u00edrus entre [&hellip;]<\/p>\n","protected":false},"author":96,"featured_media":160330,"comment_status":"closed","ping_status":"closed","sticky":false,"template":"","format":"standard","meta":{"footnotes":""},"categories":[436,440,254,439],"tags":[],"class_list":["post-160329","post","type-post","status-publish","format-standard","has-post-thumbnail","hentry","category-destaque-da-semana","category-destaques-do-dia","category-politica","category-ultima-hora"],"_links":{"self":[{"href":"https:\/\/diarioregionaldigital.com.br\/index.php?rest_route=\/wp\/v2\/posts\/160329","targetHints":{"allow":["GET"]}}],"collection":[{"href":"https:\/\/diarioregionaldigital.com.br\/index.php?rest_route=\/wp\/v2\/posts"}],"about":[{"href":"https:\/\/diarioregionaldigital.com.br\/index.php?rest_route=\/wp\/v2\/types\/post"}],"author":[{"embeddable":true,"href":"https:\/\/diarioregionaldigital.com.br\/index.php?rest_route=\/wp\/v2\/users\/96"}],"replies":[{"embeddable":true,"href":"https:\/\/diarioregionaldigital.com.br\/index.php?rest_route=%2Fwp%2Fv2%2Fcomments&post=160329"}],"version-history":[{"count":0,"href":"https:\/\/diarioregionaldigital.com.br\/index.php?rest_route=\/wp\/v2\/posts\/160329\/revisions"}],"wp:featuredmedia":[{"embeddable":true,"href":"https:\/\/diarioregionaldigital.com.br\/index.php?rest_route=\/wp\/v2\/media\/160330"}],"wp:attachment":[{"href":"https:\/\/diarioregionaldigital.com.br\/index.php?rest_route=%2Fwp%2Fv2%2Fmedia&parent=160329"}],"wp:term":[{"taxonomy":"category","embeddable":true,"href":"https:\/\/diarioregionaldigital.com.br\/index.php?rest_route=%2Fwp%2Fv2%2Fcategories&post=160329"},{"taxonomy":"post_tag","embeddable":true,"href":"https:\/\/diarioregionaldigital.com.br\/index.php?rest_route=%2Fwp%2Fv2%2Ftags&post=160329"}],"curies":[{"name":"wp","href":"https:\/\/api.w.org\/{rel}","templated":true}]}}