{"id":160326,"date":"2020-05-15T13:57:27","date_gmt":"2020-05-15T16:57:27","guid":{"rendered":"https:\/\/diarioregionaldigital.com.br\/?p=160326"},"modified":"2020-05-15T13:57:27","modified_gmt":"2020-05-15T16:57:27","slug":"maia-pede-que-bolsonaro-adie-provas-do-enem-por-causa-da-pandemia","status":"publish","type":"post","link":"https:\/\/diarioregionaldigital.com.br\/?p=160326","title":{"rendered":"Maia pede que Bolsonaro adie provas do Enem por causa da pandemia"},"content":{"rendered":"<p>O presidente da C\u00e2mara dos Deputados, Rodrigo Maia (DEM-RJ), informou que pediu ao presidente Jair Bolsonaro o adiamento da aplica\u00e7\u00e3o de provas do Exame Nacional do Ensino M\u00e9dio (Enem) deste ano, em virtude da pandemia do novo coronav\u00edrus, causador da covid-19.<\/p>\n<p>\u201cUm pleito importante que eu fiz ao presidente, e ele ficou de avaliar, disse que \u00e9 muito importante e que havia uma demanda muito grande da C\u00e2mara, \u00e9 o adiamento do Enem. Ele ficou muito sens\u00edvel, ficou de avaliar e dar uma resposta\u201d, disse Maia. O parlamentar esteve no Pal\u00e1cio do Planalto para conhecer o Centro de Coordena\u00e7\u00e3o das Opera\u00e7\u00f5es do Comit\u00ea de Crise da Covid-19 (Ccop) a convite dos ministros Luiz Eduardo Ramos, da Secretaria de Governo, e Braga Netto, da Casa Civil.<\/p>\n<p>Os estudantes t\u00eam at\u00e9 22 de maio para se inscrever no exame, cujas provas, neste ano, poder\u00e3o ser feitas tamb\u00e9m <em>online<\/em>. O Enem impresso ser\u00e1 aplicado nos dias 1\u00ba e 8 de novembro e a vers\u00e3o digital, em 22 e 29 de novembro. No entanto, alunos de todo pa\u00eds t\u00eam relatado, nas redes sociais, dificuldades de acesso \u00e0 internet e problemas para estudar o conte\u00fado do exame.<\/p>\n<p>Com a confirma\u00e7\u00e3o da data de aplica\u00e7\u00e3o do exame pelo governo, deputados e senadores t\u00eam apresentado propostas para que as provas sejam adiadas. Na C\u00e2mara, l\u00edderes partid\u00e1rios t\u00eam pressionado o presidente da Casa para construir alternativas que assegurem que alunos n\u00e3o sejam prejudicados em virtude da pandemia. Entre as propostas, de autoria do deputado Alexandre Frota (PSDB\/SP), prop\u00f5e o adiamento da aplica\u00e7\u00e3o da prova por 60 dias.<\/p>\n<p><strong>Di\u00e1logo<\/strong><\/p>\n<p>Em entrevista coletiva ap\u00f3s o encontro, Rodrigo Maia defendeu o di\u00e1logo entre o governo e C\u00e2mara dos Deputados para enfrentar a crise em sa\u00fade p\u00fablica provocada pela pandemia da covid-19. O parlamentar tem sido alvo de cr\u00edticas do presidente Jair Bolsonaro, segundo o qual, Maia atuaria para prejudicar o governo e se beneficiar politicamente.<\/p>\n<p>\u201cEu disse a ele [Jair Bolsonaro] que devemos encontrar os pontos que nos unem, que todos temos o mesmo objetivo, que \u00e9 cuidar da vida dos brasileiros e olhar o p\u00f3s-pandemia\u201d, afirmou o deputado.\u00a0 \u201cDivergimos sobre a quest\u00e3o do isolamento, mas isso n\u00e3o pode nos dividir. [\u00c9] importante que todos possam voltar a sentar \u00e0 mesa\u201d, disse Maia.<\/p>\n<p>\u201cOs conflitos geram inseguran\u00e7a e a perda da confian\u00e7a da sociedade, neste momento em que os que t\u00eam responsabilidade do di\u00e1logo est\u00e3o confrontando. O meu papel institucional \u00e9 levar ao presidente a pauta da C\u00e2mara e mostrar o que estamos fazendo. Temos a diverg\u00eancia do momento do isolamento, mas isso n\u00e3o pode nos dividir\u201d, acrescentou o congressista.<\/p>\n<p>Maia afirmou ainda que as reformas administrativa e tribut\u00e1ria voltar\u00e3o \u00e0 pauta de vota\u00e7\u00f5es da C\u00e2mara dos Deputados nas pr\u00f3ximas semanas. Segundo Maia, a reforma administrativa dever\u00e1 ter outro tamanho e a tribut\u00e1ria poder\u00e1 incluir outros temas, como a renda, al\u00e9m da reforma no setor de bens e servi\u00e7os.<\/p>\n<p>&nbsp;<\/p>\n<p><strong>Fonte:\u00a0<\/strong>Ag\u00eancia Brasil<\/p>\n","protected":false},"excerpt":{"rendered":"<p>O presidente da C\u00e2mara dos Deputados, Rodrigo Maia (DEM-RJ), informou que pediu ao presidente Jair Bolsonaro o adiamento da aplica\u00e7\u00e3o de provas do Exame Nacional do Ensino M\u00e9dio (Enem) deste ano, em virtude da pandemia do novo coronav\u00edrus, causador da covid-19. \u201cUm pleito importante que eu fiz ao presidente, e ele ficou de avaliar, disse [&hellip;]<\/p>\n","protected":false},"author":96,"featured_media":160327,"comment_status":"closed","ping_status":"closed","sticky":false,"template":"","format":"standard","meta":{"footnotes":""},"categories":[436,254,439],"tags":[],"class_list":["post-160326","post","type-post","status-publish","format-standard","has-post-thumbnail","hentry","category-destaque-da-semana","category-politica","category-ultima-hora"],"_links":{"self":[{"href":"https:\/\/diarioregionaldigital.com.br\/index.php?rest_route=\/wp\/v2\/posts\/160326","targetHints":{"allow":["GET"]}}],"collection":[{"href":"https:\/\/diarioregionaldigital.com.br\/index.php?rest_route=\/wp\/v2\/posts"}],"about":[{"href":"https:\/\/diarioregionaldigital.com.br\/index.php?rest_route=\/wp\/v2\/types\/post"}],"author":[{"embeddable":true,"href":"https:\/\/diarioregionaldigital.com.br\/index.php?rest_route=\/wp\/v2\/users\/96"}],"replies":[{"embeddable":true,"href":"https:\/\/diarioregionaldigital.com.br\/index.php?rest_route=%2Fwp%2Fv2%2Fcomments&post=160326"}],"version-history":[{"count":0,"href":"https:\/\/diarioregionaldigital.com.br\/index.php?rest_route=\/wp\/v2\/posts\/160326\/revisions"}],"wp:featuredmedia":[{"embeddable":true,"href":"https:\/\/diarioregionaldigital.com.br\/index.php?rest_route=\/wp\/v2\/media\/160327"}],"wp:attachment":[{"href":"https:\/\/diarioregionaldigital.com.br\/index.php?rest_route=%2Fwp%2Fv2%2Fmedia&parent=160326"}],"wp:term":[{"taxonomy":"category","embeddable":true,"href":"https:\/\/diarioregionaldigital.com.br\/index.php?rest_route=%2Fwp%2Fv2%2Fcategories&post=160326"},{"taxonomy":"post_tag","embeddable":true,"href":"https:\/\/diarioregionaldigital.com.br\/index.php?rest_route=%2Fwp%2Fv2%2Ftags&post=160326"}],"curies":[{"name":"wp","href":"https:\/\/api.w.org\/{rel}","templated":true}]}}