{"id":160323,"date":"2020-05-15T13:54:11","date_gmt":"2020-05-15T16:54:11","guid":{"rendered":"https:\/\/diarioregionaldigital.com.br\/?p=160323"},"modified":"2020-05-15T13:54:11","modified_gmt":"2020-05-15T16:54:11","slug":"nelson-teich-pede-demissao-do-ministerio-da-saude","status":"publish","type":"post","link":"https:\/\/diarioregionaldigital.com.br\/?p=160323","title":{"rendered":"Nelson Teich pede demiss\u00e3o do Minist\u00e9rio da Sa\u00fade"},"content":{"rendered":"<p>O Minist\u00e9rio da Sa\u00fade informou\u00a0hoje\u00a0(15) que o ministro Nelson Teich pediu exonera\u00e7\u00e3o do cargo na manh\u00e3 desta\u00a0sexta-feira. No comunicado, a pasta n\u00e3o esclarece o motivo da sa\u00edda, mas informa que uma coletiva de imprensa ser\u00e1 marcada para esta tarde.<\/p>\n<p>Teich\u00a0assumiu o cargo\u00a0h\u00e1 um m\u00eas, ap\u00f3s a\u00a0sa\u00edda do ex-ministro\u00a0da Sa\u00fade, Luiz Henrique Mandetta, em\u00a016 de abril.<\/p>\n<p>Mandetta e o presidente Jair Bolsonaro divergiam sobre os caminhos para o combate \u00e0 pandemia do novo coronav\u00edrus no pa\u00eds, como as medidas de isolamento social e o uso da hidroxicloroquina no tratamento de pacientes.<\/p>\n<p>&nbsp;<\/p>\n<p><strong>Fonte:\u00a0<\/strong>Ag\u00eancia Brasil<\/p>\n","protected":false},"excerpt":{"rendered":"<p>O Minist\u00e9rio da Sa\u00fade informou\u00a0hoje\u00a0(15) que o ministro Nelson Teich pediu exonera\u00e7\u00e3o do cargo na manh\u00e3 desta\u00a0sexta-feira. No comunicado, a pasta n\u00e3o esclarece o motivo da sa\u00edda, mas informa que uma coletiva de imprensa ser\u00e1 marcada para esta tarde. Teich\u00a0assumiu o cargo\u00a0h\u00e1 um m\u00eas, ap\u00f3s a\u00a0sa\u00edda do ex-ministro\u00a0da Sa\u00fade, Luiz Henrique Mandetta, em\u00a016 de abril. [&hellip;]<\/p>\n","protected":false},"author":96,"featured_media":160324,"comment_status":"closed","ping_status":"closed","sticky":false,"template":"","format":"standard","meta":{"footnotes":""},"categories":[302,436,440,439],"tags":[],"class_list":["post-160323","post","type-post","status-publish","format-standard","has-post-thumbnail","hentry","category-brasil-mundo","category-destaque-da-semana","category-destaques-do-dia","category-ultima-hora"],"_links":{"self":[{"href":"https:\/\/diarioregionaldigital.com.br\/index.php?rest_route=\/wp\/v2\/posts\/160323","targetHints":{"allow":["GET"]}}],"collection":[{"href":"https:\/\/diarioregionaldigital.com.br\/index.php?rest_route=\/wp\/v2\/posts"}],"about":[{"href":"https:\/\/diarioregionaldigital.com.br\/index.php?rest_route=\/wp\/v2\/types\/post"}],"author":[{"embeddable":true,"href":"https:\/\/diarioregionaldigital.com.br\/index.php?rest_route=\/wp\/v2\/users\/96"}],"replies":[{"embeddable":true,"href":"https:\/\/diarioregionaldigital.com.br\/index.php?rest_route=%2Fwp%2Fv2%2Fcomments&post=160323"}],"version-history":[{"count":0,"href":"https:\/\/diarioregionaldigital.com.br\/index.php?rest_route=\/wp\/v2\/posts\/160323\/revisions"}],"wp:featuredmedia":[{"embeddable":true,"href":"https:\/\/diarioregionaldigital.com.br\/index.php?rest_route=\/wp\/v2\/media\/160324"}],"wp:attachment":[{"href":"https:\/\/diarioregionaldigital.com.br\/index.php?rest_route=%2Fwp%2Fv2%2Fmedia&parent=160323"}],"wp:term":[{"taxonomy":"category","embeddable":true,"href":"https:\/\/diarioregionaldigital.com.br\/index.php?rest_route=%2Fwp%2Fv2%2Fcategories&post=160323"},{"taxonomy":"post_tag","embeddable":true,"href":"https:\/\/diarioregionaldigital.com.br\/index.php?rest_route=%2Fwp%2Fv2%2Ftags&post=160323"}],"curies":[{"name":"wp","href":"https:\/\/api.w.org\/{rel}","templated":true}]}}