{"id":160321,"date":"2020-05-15T13:48:44","date_gmt":"2020-05-15T16:48:44","guid":{"rendered":"https:\/\/diarioregionaldigital.com.br\/?p=160321"},"modified":"2020-05-15T14:04:10","modified_gmt":"2020-05-15T17:04:10","slug":"quase-dois-mil-pacientes-estao-recuperados-do-coronavirus-em-minas-gerais","status":"publish","type":"post","link":"https:\/\/diarioregionaldigital.com.br\/?p=160321","title":{"rendered":"Quase dois mil pacientes est\u00e3o recuperados do Coronav\u00edrus em Minas Gerais"},"content":{"rendered":"<p>O boletim epidemiol\u00f3gico divulgado pela Secretaria de Estado da Sa\u00fade de Minas Gerais (SES-MG), confirmou aumento de 1.680 para 1.956 pacientes recuperados do Coronav\u00edrus, ou seja, houve aumento de 85,8% em rela\u00e7\u00e3o a quinta-feira (15) e representa 46,6% dos casos confirmado, que chegaram a 4.196, ou seja, aumento de 94,1% dos casos e 2.094 pacientes est\u00e3o sob acompanhamento m\u00e9dico. Segundo o<a href=\"https:\/\/saude.mg.gov.br\/images\/noticias_e_eventos\/000_2020\/Boletins_Corona\/Boletim_Epidemiologico_COVID-19_15.05.2020.pdf\"> levantamento,<\/a> houve aumento 7 novos \u00f3bitos: Uberaba (mulher de 57 anos), Boa Esperan\u00e7a (idosa de 77 anos), Muria\u00e9 (homem de 49 anos), Mar de Espanha (idosa de 67 anos), Mariana (idosa de 85 anos), Carmo do Cajuru (idosa de 87 anos) e Belo Horizonte (mulher de 46 anos). Na compara\u00e7\u00e3o com o boletim de quinta-feira (15), houve aumento de 95,2% dos \u00f3bitos.<\/p>\n<p>Quanto aos exames, foram contabilizados 16.953 testes referentes ao Covid-19, sendo que 824 deram positivo, representando 98,7% de aumento e foram contabilizados 15.053 resultados negativos, aumento de 99,5%. Al\u00e9m disso, 933 exames seguem em an\u00e1lise e 143 foram inconclusivos.<\/p>\n<p>Os\u00a0dados atualizados\u00a0referentes a \u00f3bitos confirmados em Minas Gerais s\u00e3o: Alfredo Vasconcelos (1), Araguari (1), Arax\u00e1 (1), Barbacena (2), Belmiro Braga (1), Belo Horizonte (29), Belo Vale (1), Betim (3), Boa Esperan\u00e7a (2), Bonfim (1), Bueno Brand\u00e3o (1), Capit\u00f3lio (1), Carmo do Cajuru (2), Cataguases(1), Caxambu (1), Centralina (1), Contagem (3), Divin\u00f3polis (1), Espinosa (1), Extrema (3), Governador Valadares (4), Ipia\u00e7u (1), Itabira (1), Itajub\u00e1 (1), Itambacuri (1), Itapeva (1), Jacutinga (1), Jequitinhonha (1), Juiz de Fora (21), Manhua\u00e7u (1), Mar de Espanha (1), Mariana (2), M\u00e1rio Campos (1), Martinho Campos (1), Montes Claros (2), Morro da Gar\u00e7a (1), Muria\u00e9 (1), Nanuque (1), Nova Serrana (1), Novo Cruzeiro (1), Ouro Fino (1), Paracatu (1), Parais\u00f3polis (2), Patos de Minas (1), Patroc\u00ednio (1), Perdizes (1), Piumhi (1), Planura (1), Po\u00e7os de Caldas (3), Pouso Alegre (3), Presidente Juscelino (1), Santa Luzia (1), Santos Dumont (1), S\u00e3o Francisco (2), S\u00e3o Geraldo da Piedade (1), S\u00e3o Jo\u00e3o Nepomuceno (1), S\u00e3o Jos\u00e9 da Lapa (1), S\u00e3o Rom\u00e3o (1), S\u00e3o Sebasti\u00e3o do Para\u00edso (1), S\u00e3o Tom\u00e1s de Aquino (1), Sete Lagoas (1), Te\u00f3filo Otoni (1), Toledo (1), Tr\u00eas Pontas (1), Uberaba (5), Uberl\u00e2ndia (11), Varginha (1) e Varzel\u00e2ndia (1).<\/p>\n<div class=\"the_champ_sharing_container the_champ_horizontal_sharing\"><\/div>\n<p>&nbsp;<\/p>\n","protected":false},"excerpt":{"rendered":"<p>O boletim epidemiol\u00f3gico divulgado pela Secretaria de Estado da Sa\u00fade de Minas Gerais (SES-MG), confirmou aumento de 1.680 para 1.956 pacientes recuperados do Coronav\u00edrus, ou seja, houve aumento de 85,8% em rela\u00e7\u00e3o a quinta-feira (15) e representa 46,6% dos casos confirmado, que chegaram a 4.196, ou seja, aumento de 94,1% dos casos e 2.094 pacientes [&hellip;]<\/p>\n","protected":false},"author":96,"featured_media":157620,"comment_status":"closed","ping_status":"closed","sticky":false,"template":"","format":"standard","meta":{"footnotes":""},"categories":[436,440,252,439],"tags":[],"class_list":["post-160321","post","type-post","status-publish","format-standard","has-post-thumbnail","hentry","category-destaque-da-semana","category-destaques-do-dia","category-regiao","category-ultima-hora"],"_links":{"self":[{"href":"https:\/\/diarioregionaldigital.com.br\/index.php?rest_route=\/wp\/v2\/posts\/160321","targetHints":{"allow":["GET"]}}],"collection":[{"href":"https:\/\/diarioregionaldigital.com.br\/index.php?rest_route=\/wp\/v2\/posts"}],"about":[{"href":"https:\/\/diarioregionaldigital.com.br\/index.php?rest_route=\/wp\/v2\/types\/post"}],"author":[{"embeddable":true,"href":"https:\/\/diarioregionaldigital.com.br\/index.php?rest_route=\/wp\/v2\/users\/96"}],"replies":[{"embeddable":true,"href":"https:\/\/diarioregionaldigital.com.br\/index.php?rest_route=%2Fwp%2Fv2%2Fcomments&post=160321"}],"version-history":[{"count":0,"href":"https:\/\/diarioregionaldigital.com.br\/index.php?rest_route=\/wp\/v2\/posts\/160321\/revisions"}],"wp:featuredmedia":[{"embeddable":true,"href":"https:\/\/diarioregionaldigital.com.br\/index.php?rest_route=\/wp\/v2\/media\/157620"}],"wp:attachment":[{"href":"https:\/\/diarioregionaldigital.com.br\/index.php?rest_route=%2Fwp%2Fv2%2Fmedia&parent=160321"}],"wp:term":[{"taxonomy":"category","embeddable":true,"href":"https:\/\/diarioregionaldigital.com.br\/index.php?rest_route=%2Fwp%2Fv2%2Fcategories&post=160321"},{"taxonomy":"post_tag","embeddable":true,"href":"https:\/\/diarioregionaldigital.com.br\/index.php?rest_route=%2Fwp%2Fv2%2Ftags&post=160321"}],"curies":[{"name":"wp","href":"https:\/\/api.w.org\/{rel}","templated":true}]}}