{"id":160316,"date":"2020-05-15T04:38:08","date_gmt":"2020-05-15T07:38:08","guid":{"rendered":"https:\/\/diarioregionaldigital.com.br\/?p=160316"},"modified":"2020-05-15T04:38:08","modified_gmt":"2020-05-15T07:38:08","slug":"boletim-epidemiologico-juiz-de-fora-registra-mais-de-400-casos-confirmados-de-covid-19","status":"publish","type":"post","link":"https:\/\/diarioregionaldigital.com.br\/?p=160316","title":{"rendered":"Boletim Epidemiol\u00f3gico &#8211; Juiz de Fora registra mais de 400 casos confirmados de covid-19"},"content":{"rendered":"<p>A Secretaria de Sa\u00fade (SS) da Prefeitura de Juiz de Fora (PJF) confirmou nesta quinta-feira, 14, mais uma morte pelo novo coronav\u00edrus em Juiz de Fora. Com os novos registros, a cidade totaliza 22 mortes por covid-19. Mais 25 novos casos foram confirmados, contabilizando 417 pessoas infectadas.<\/p>\n<p>O \u00f3bito registrado \u00e9 de uma idosa de 79 anos que morreu na \u00faltima ter\u00e7a-feira, 12. Ela tinha Doen\u00e7a Neurol\u00f3gica Cr\u00f4nica (DNC), Doen\u00e7a Cardiovascular Cr\u00f4nica (DCC), pneumopatia cr\u00f4nica e era tabagista.<\/p>\n<p>O Boletim Epidemiol\u00f3gico tamb\u00e9m mostra 203 novas suspeitas, que contabiliza 3.310.<\/p>\n<p>Todos os dados s\u00e3o referentes a moradores de Juiz de Fora.<\/p>\n<p><b>Boletim desta quinta, 14<\/b><\/p>\n<p>&#8211; 3.310 suspeitos<br \/>\n&#8211; 417 confirmados<br \/>\n&#8211; 22 \u00f3bitos confirmados<br \/>\n&#8211; 1 \u00f3bitos em investiga\u00e7\u00e3o<\/p>\n<p>&nbsp;<\/p>\n<p><strong>Fonte:\u00a0<\/strong>Assessoria<\/p>\n","protected":false},"excerpt":{"rendered":"<p>A Secretaria de Sa\u00fade (SS) da Prefeitura de Juiz de Fora (PJF) confirmou nesta quinta-feira, 14, mais uma morte pelo novo coronav\u00edrus em Juiz de Fora. Com os novos registros, a cidade totaliza 22 mortes por covid-19. Mais 25 novos casos foram confirmados, contabilizando 417 pessoas infectadas. O \u00f3bito registrado \u00e9 de uma idosa de [&hellip;]<\/p>\n","protected":false},"author":96,"featured_media":157658,"comment_status":"closed","ping_status":"closed","sticky":false,"template":"","format":"standard","meta":{"footnotes":""},"categories":[253,436,440,439],"tags":[],"class_list":["post-160316","post","type-post","status-publish","format-standard","has-post-thumbnail","hentry","category-cidade","category-destaque-da-semana","category-destaques-do-dia","category-ultima-hora"],"_links":{"self":[{"href":"https:\/\/diarioregionaldigital.com.br\/index.php?rest_route=\/wp\/v2\/posts\/160316","targetHints":{"allow":["GET"]}}],"collection":[{"href":"https:\/\/diarioregionaldigital.com.br\/index.php?rest_route=\/wp\/v2\/posts"}],"about":[{"href":"https:\/\/diarioregionaldigital.com.br\/index.php?rest_route=\/wp\/v2\/types\/post"}],"author":[{"embeddable":true,"href":"https:\/\/diarioregionaldigital.com.br\/index.php?rest_route=\/wp\/v2\/users\/96"}],"replies":[{"embeddable":true,"href":"https:\/\/diarioregionaldigital.com.br\/index.php?rest_route=%2Fwp%2Fv2%2Fcomments&post=160316"}],"version-history":[{"count":0,"href":"https:\/\/diarioregionaldigital.com.br\/index.php?rest_route=\/wp\/v2\/posts\/160316\/revisions"}],"wp:featuredmedia":[{"embeddable":true,"href":"https:\/\/diarioregionaldigital.com.br\/index.php?rest_route=\/wp\/v2\/media\/157658"}],"wp:attachment":[{"href":"https:\/\/diarioregionaldigital.com.br\/index.php?rest_route=%2Fwp%2Fv2%2Fmedia&parent=160316"}],"wp:term":[{"taxonomy":"category","embeddable":true,"href":"https:\/\/diarioregionaldigital.com.br\/index.php?rest_route=%2Fwp%2Fv2%2Fcategories&post=160316"},{"taxonomy":"post_tag","embeddable":true,"href":"https:\/\/diarioregionaldigital.com.br\/index.php?rest_route=%2Fwp%2Fv2%2Ftags&post=160316"}],"curies":[{"name":"wp","href":"https:\/\/api.w.org\/{rel}","templated":true}]}}