{"id":160299,"date":"2020-05-15T06:00:39","date_gmt":"2020-05-15T09:00:39","guid":{"rendered":"https:\/\/diarioregionaldigital.com.br\/?p=160299"},"modified":"2020-05-14T23:26:51","modified_gmt":"2020-05-15T02:26:51","slug":"camara-municipal-de-matias-barbosa-mg-processo-no04-15-05-2020","status":"publish","type":"post","link":"https:\/\/diarioregionaldigital.com.br\/?p=160299","title":{"rendered":"C\u00e2mara Municipal de Matias Barbosa- MG &#8211; Processo n\u00ba04 &#8211; 15\/05\/2020"},"content":{"rendered":"<p style=\"text-align: center;\"><strong>C\u00c2MARA MUNICIPAL DE MATIAS BARBOSA &#8211; MG<\/strong><\/p>\n<p style=\"text-align: center;\"><strong>AVISO DE LICITA\u00c7\u00c3O<\/strong><\/p>\n<p style=\"text-align: center;\"><strong>PROCESSO LICITAT\u00d3RIO N\u00ba. 04\/2020.<\/strong><\/p>\n<p style=\"text-align: center;\"><strong>PREG\u00c3O N\u00ba.02\/2020.<\/strong><\/p>\n<p><strong>OBJETO<\/strong>: aquisi\u00e7\u00e3o de materiais e servi\u00e7os gr\u00e1ficos, servi\u00e7os de publicidade e propaganda, a serem entregues de forma parcelada, visando atender, no \u00e2mbito deste Poder Legislativo, demandas referentes \u00e0 manuten\u00e7\u00e3o das atividades da C\u00e2mara Municipal de Matias Barbosa, reuni\u00f5es e eventos institucionais, conforme condi\u00e7\u00f5es, quantidades e exig\u00eancias estabelecidas neste edital e seus anexos.<\/p>\n<p><strong>SETOR REQUISITANTE<\/strong>: Assessoria de Comunica\u00e7\u00e3o e Informa\u00e7\u00e3o da C\u00e2mara Municipal de Matias Barbosa.<\/p>\n<p><strong>ENTREGA E ABERTURA DOS ENVELOPES DE \u201cHABILITA\u00c7\u00c3O\u201d E \u201cPROPOSTA <\/strong><\/p>\n<p><strong>DATA<\/strong>: 28\/05\/2020.<\/p>\n<p><strong>HOR\u00c1RIO<\/strong>: 09:00 horas<\/p>\n<p>LOCAL: Sala de reuni\u00f5es da C\u00e2mara Municipal de Matias Barbosa, situada na Avenida Engenheiro Paulo Brand\u00e3o, n\u00b0. 380, Loteamento Parque dos Sabi\u00e1s na cidade de Matias Barbosa \u2013 MG. CEP: 36.120-000.<\/p>\n<p><strong>CONSULTAS AO EDITAL E DIVULGA\u00c7\u00c3O DE INFORMA\u00c7\u00d5ES:<\/strong> No site C\u00e2mara Municipal, <a href=\"http:\/\/www.cmmb.mg.leg.br\">www.cmmb.mg.leg.br<\/a>.<\/p>\n<p><strong>ESCLARECIMENTOS<\/strong>: Eventuais d\u00favidas podem ser esclarecidas atrav\u00e9s do e-mail: licitacao@matiasbarbosa.mg.leg.br, Fone: (32) 3273 5700 ou (32) 3273-5719.<\/p>\n","protected":false},"excerpt":{"rendered":"<p>C\u00c2MARA MUNICIPAL DE MATIAS BARBOSA &#8211; MG AVISO DE LICITA\u00c7\u00c3O PROCESSO LICITAT\u00d3RIO N\u00ba. 04\/2020. PREG\u00c3O N\u00ba.02\/2020. OBJETO: aquisi\u00e7\u00e3o de materiais e servi\u00e7os gr\u00e1ficos, servi\u00e7os de publicidade e propaganda, a serem entregues de forma parcelada, visando atender, no \u00e2mbito deste Poder Legislativo, demandas referentes \u00e0 manuten\u00e7\u00e3o das atividades da C\u00e2mara Municipal de Matias Barbosa, reuni\u00f5es e [&hellip;]<\/p>\n","protected":false},"author":96,"featured_media":0,"comment_status":"closed","ping_status":"closed","sticky":false,"template":"","format":"standard","meta":{"footnotes":""},"categories":[307],"tags":[],"class_list":["post-160299","post","type-post","status-publish","format-standard","hentry","category-editais"],"_links":{"self":[{"href":"https:\/\/diarioregionaldigital.com.br\/index.php?rest_route=\/wp\/v2\/posts\/160299","targetHints":{"allow":["GET"]}}],"collection":[{"href":"https:\/\/diarioregionaldigital.com.br\/index.php?rest_route=\/wp\/v2\/posts"}],"about":[{"href":"https:\/\/diarioregionaldigital.com.br\/index.php?rest_route=\/wp\/v2\/types\/post"}],"author":[{"embeddable":true,"href":"https:\/\/diarioregionaldigital.com.br\/index.php?rest_route=\/wp\/v2\/users\/96"}],"replies":[{"embeddable":true,"href":"https:\/\/diarioregionaldigital.com.br\/index.php?rest_route=%2Fwp%2Fv2%2Fcomments&post=160299"}],"version-history":[{"count":0,"href":"https:\/\/diarioregionaldigital.com.br\/index.php?rest_route=\/wp\/v2\/posts\/160299\/revisions"}],"wp:attachment":[{"href":"https:\/\/diarioregionaldigital.com.br\/index.php?rest_route=%2Fwp%2Fv2%2Fmedia&parent=160299"}],"wp:term":[{"taxonomy":"category","embeddable":true,"href":"https:\/\/diarioregionaldigital.com.br\/index.php?rest_route=%2Fwp%2Fv2%2Fcategories&post=160299"},{"taxonomy":"post_tag","embeddable":true,"href":"https:\/\/diarioregionaldigital.com.br\/index.php?rest_route=%2Fwp%2Fv2%2Ftags&post=160299"}],"curies":[{"name":"wp","href":"https:\/\/api.w.org\/{rel}","templated":true}]}}