{"id":160297,"date":"2020-05-15T06:00:52","date_gmt":"2020-05-15T09:00:52","guid":{"rendered":"https:\/\/diarioregionaldigital.com.br\/?p=160297"},"modified":"2020-05-14T23:20:47","modified_gmt":"2020-05-15T02:20:47","slug":"futuro-2","status":"publish","type":"post","link":"https:\/\/diarioregionaldigital.com.br\/?p=160297","title":{"rendered":"Futuro"},"content":{"rendered":"<p style=\"text-align: center;\"><strong>Boa A\u00e7\u00e3o<\/strong><\/p>\n<p style=\"text-align: center;\">Dignos de elogios, o professor da UFJF, Leandro Resende o presidente da ABO\/JF, Ot\u00e1vio Fartes e o empres\u00e1rio Marcelo Andrade fecharam parceria para produzir m\u00e1scaras (modelo \u2018face shields\u2019) para distribui\u00e7\u00e3o gratuita a todos os profissionais da \u00e1rea. A entrega dos Equipamentos de Prote\u00e7\u00e3o Individual (EPT\u2019s) j\u00e1 come\u00e7ou e est\u00e1 beneficiando muitas pessoas.<\/p>\n<p style=\"text-align: center;\"><strong>Rendimento <\/strong><\/p>\n<p style=\"text-align: center;\">Outros tempos: com as portas fechadas devido ao Coronav\u00edrus, varejistas brasileiros n\u00e3o tiveram outra alternativa sen\u00e3o refor\u00e7ar a presen\u00e7a na internet para chegar aos consumidores, que gastaram 3% mais na rede em abril. O com\u00e9rcio eletr\u00f4nico ganhou 4 milh\u00f5es de novos clientes que devem permanecer ap\u00f3s a pandemia e acentuar a crise das lojas f\u00edsicas.<\/p>\n<p style=\"text-align: center;\"><strong>Futuro<\/strong><\/p>\n<p style=\"text-align: center;\">Consciente e otimista, SISSI Freeman \u00e1 frente da Granato que acaba de completar 150 anos, funde tradi\u00e7\u00e3o com inova\u00e7\u00e3o consolidando seu protagonismo durante a pandemia. Para ela, o e-commerce se fortalecer\u00e1 com o brasileiro passando a usar mais sabonete l\u00edquido e a lavar as m\u00e3os com maior frequ\u00eancia.<\/p>\n<p style=\"text-align: center;\"><strong>Cascatinha <\/strong><\/p>\n<p style=\"text-align: center;\">Em momento \u00fanico, a diretora social Antonieta Lopardi e a diretora de comunica\u00e7\u00e3o Ana Paula Backx, do Clube Cascatinha promoveram lindo evento virtualmente para comemorar o Dia das M\u00e3es. Os s\u00f3cios enviaram fotos e estas foram replicadas nas m\u00eddias do clube. Tamb\u00e9m na pauta, declara\u00e7\u00e3o dos m\u00fasicos e sorteio de brindes.<\/p>\n<p style=\"text-align: center;\"><strong>Voc\u00ea Sabia?<\/strong><\/p>\n<p style=\"text-align: center;\">Em tempos de distanciamento social, uma palavra surgiu com for\u00e7a na \u00e1rea m\u00e9dica: a Telemedicina. O Minist\u00e9rio da Sa\u00fade autorizou de forma excepcional e tempor\u00e1ria, m\u00e9dicos de todas as especialidades atender e prescrever medicamentos e exames de forma online, enquanto durarem as medidas de enfrentamento ao novo Coronav\u00edrus.<\/p>\n<p style=\"text-align: center;\"><strong>Floral<\/strong><\/p>\n<p style=\"text-align: center;\">O m\u00eas de maio \u00e9 o m\u00eas das m\u00e3es e de Maria. Entre orqu\u00eddeas, l\u00edrios e habiscos, elas adoram mimos para usar e abusar do encanto dos jardins. Para tantas op\u00e7\u00f5es, este colunista fica com o livro \u201cFlores\u201d, vestido Veneno, brincos, Obsess\u00e3o, Perfumes O botic\u00e1rio, Doce Maria Pipoca e arranjos by Toninho Aleixo.<\/p>\n<p style=\"text-align: center;\"><strong>Fala quem Sabe<\/strong><\/p>\n<p style=\"text-align: center;\">Causou impacto a palestra \u2018on line\u2019 do empres\u00e1rio da \u00e1rea imobili\u00e1ria Diogo Souza Gomes atrav\u00e9s da Imobili\u00e1ria Digital Summit 2020. De maneira clara e objetiva, ele falou sobre o co-marketing e gera\u00e7\u00e3o de \u2018leds\u2019 org\u00e2nicos nas redes sociais da Souza Gomes im\u00f3veis. Ponto para ele.<\/p>\n<p style=\"text-align: center;\"><span style=\"font-size: 14pt;\"><strong>Para Refletir<\/strong><\/span><\/p>\n<p style=\"text-align: center;\">\u201cEstou acostumado a quarentena j\u00e1 que preciso me concentrar e me isolar. S\u00f3 que nunca imaginei que fosse viver uma quarentena que n\u00e3o \u00e9 uma escolha, mas sim uma maneira de sobreviver. A credito a rela\u00e7\u00e3o com a solid\u00e3o mudar\u00e1. N\u00e3o \u00e9 a melhor coisa do mundo, mas t\u00e3o pouco deve desequilibrar algu\u00e9m. A natureza precisa de solid\u00e3o: as notas musicais n\u00e3o formam uma m\u00fasica e palavras n\u00e3o passam de pe\u00e7as de um quebra-cabe\u00e7as se n\u00e3o existir espa\u00e7o entre elas\u201d. (Paulo Coelho)<\/p>\n<div id=\"attachment_160289\" style=\"width: 690px\" class=\"wp-caption aligncenter\"><img loading=\"lazy\" decoding=\"async\" aria-describedby=\"caption-attachment-160289\" class=\"wp-image-160289\" src=\"https:\/\/diarioregionaldigital.com.br\/wp-content\/uploads\/2020\/05\/fotoa-9-e1589507987764.jpg\" alt=\"\" width=\"680\" height=\"536\" srcset=\"https:\/\/diarioregionaldigital.com.br\/wp-content\/uploads\/2020\/05\/fotoa-9-e1589507987764.jpg 1664w, https:\/\/diarioregionaldigital.com.br\/wp-content\/uploads\/2020\/05\/fotoa-9-e1589507987764-300x237.jpg 300w, https:\/\/diarioregionaldigital.com.br\/wp-content\/uploads\/2020\/05\/fotoa-9-e1589507987764-768x606.jpg 768w, https:\/\/diarioregionaldigital.com.br\/wp-content\/uploads\/2020\/05\/fotoa-9-e1589507987764-1024x807.jpg 1024w, https:\/\/diarioregionaldigital.com.br\/wp-content\/uploads\/2020\/05\/fotoa-9-e1589507987764-360x284.jpg 360w\" sizes=\"auto, (max-width: 680px) 100vw, 680px\" \/><p id=\"caption-attachment-160289\" class=\"wp-caption-text\">Este colunistas comemora hoje (15), o anivers\u00e1rio de seu irm\u00e3o colunista do site Oclick Marc\u00edlio Gomes, em grande estilo<\/p><\/div>\n<div id=\"attachment_160291\" style=\"width: 690px\" class=\"wp-caption aligncenter\"><img loading=\"lazy\" decoding=\"async\" aria-describedby=\"caption-attachment-160291\" class=\"wp-image-160291\" src=\"https:\/\/diarioregionaldigital.com.br\/wp-content\/uploads\/2020\/05\/fotoc-8.jpg\" alt=\"\" width=\"680\" height=\"464\" srcset=\"https:\/\/diarioregionaldigital.com.br\/wp-content\/uploads\/2020\/05\/fotoc-8.jpg 2640w, https:\/\/diarioregionaldigital.com.br\/wp-content\/uploads\/2020\/05\/fotoc-8-300x205.jpg 300w, https:\/\/diarioregionaldigital.com.br\/wp-content\/uploads\/2020\/05\/fotoc-8-768x524.jpg 768w, https:\/\/diarioregionaldigital.com.br\/wp-content\/uploads\/2020\/05\/fotoc-8-1024x698.jpg 1024w, https:\/\/diarioregionaldigital.com.br\/wp-content\/uploads\/2020\/05\/fotoc-8-360x245.jpg 360w\" sizes=\"auto, (max-width: 680px) 100vw, 680px\" \/><p id=\"caption-attachment-160291\" class=\"wp-caption-text\">Gente especial, no Mhall, Thiago Vianna, Patr\u00edcia Alvim e Dennis Orr\u00fa<\/p><\/div>\n<div id=\"attachment_160294\" style=\"width: 690px\" class=\"wp-caption aligncenter\"><img loading=\"lazy\" decoding=\"async\" aria-describedby=\"caption-attachment-160294\" class=\"wp-image-160294\" src=\"https:\/\/diarioregionaldigital.com.br\/wp-content\/uploads\/2020\/05\/fotof-6-e1589508320123.jpg\" alt=\"\" width=\"680\" height=\"490\" srcset=\"https:\/\/diarioregionaldigital.com.br\/wp-content\/uploads\/2020\/05\/fotof-6-e1589508320123.jpg 673w, https:\/\/diarioregionaldigital.com.br\/wp-content\/uploads\/2020\/05\/fotof-6-e1589508320123-300x216.jpg 300w, https:\/\/diarioregionaldigital.com.br\/wp-content\/uploads\/2020\/05\/fotof-6-e1589508320123-360x259.jpg 360w\" sizes=\"auto, (max-width: 680px) 100vw, 680px\" \/><p id=\"caption-attachment-160294\" class=\"wp-caption-text\">No M\u00eas das M\u00e3es Marly Frizeiro recebe o carinho dos filhos Roberto e Rosenberg Frizeiro<\/p><\/div>\n<div id=\"attachment_160293\" style=\"width: 690px\" class=\"wp-caption aligncenter\"><img loading=\"lazy\" decoding=\"async\" aria-describedby=\"caption-attachment-160293\" class=\"wp-image-160293\" src=\"https:\/\/diarioregionaldigital.com.br\/wp-content\/uploads\/2020\/05\/fotoe-e1589508287317.jpeg\" alt=\"\" width=\"680\" height=\"540\" srcset=\"https:\/\/diarioregionaldigital.com.br\/wp-content\/uploads\/2020\/05\/fotoe-e1589508287317.jpeg 617w, https:\/\/diarioregionaldigital.com.br\/wp-content\/uploads\/2020\/05\/fotoe-e1589508287317-300x238.jpeg 300w, https:\/\/diarioregionaldigital.com.br\/wp-content\/uploads\/2020\/05\/fotoe-e1589508287317-360x286.jpeg 360w\" sizes=\"auto, (max-width: 680px) 100vw, 680px\" \/><p id=\"caption-attachment-160293\" class=\"wp-caption-text\">As elegantes diretoras do Cascatinha Country Club, Antonieta Lopardi e Ana Paula Backx<\/p><\/div>\n<div id=\"attachment_160292\" style=\"width: 690px\" class=\"wp-caption aligncenter\"><img loading=\"lazy\" decoding=\"async\" aria-describedby=\"caption-attachment-160292\" class=\"wp-image-160292\" src=\"https:\/\/diarioregionaldigital.com.br\/wp-content\/uploads\/2020\/05\/fotod-8.jpg\" alt=\"\" width=\"680\" height=\"449\" srcset=\"https:\/\/diarioregionaldigital.com.br\/wp-content\/uploads\/2020\/05\/fotod-8.jpg 2656w, https:\/\/diarioregionaldigital.com.br\/wp-content\/uploads\/2020\/05\/fotod-8-300x198.jpg 300w, https:\/\/diarioregionaldigital.com.br\/wp-content\/uploads\/2020\/05\/fotod-8-768x507.jpg 768w, https:\/\/diarioregionaldigital.com.br\/wp-content\/uploads\/2020\/05\/fotod-8-1024x675.jpg 1024w, https:\/\/diarioregionaldigital.com.br\/wp-content\/uploads\/2020\/05\/fotod-8-1440x950.jpg 1440w, https:\/\/diarioregionaldigital.com.br\/wp-content\/uploads\/2020\/05\/fotod-8-360x237.jpg 360w\" sizes=\"auto, (max-width: 680px) 100vw, 680px\" \/><p id=\"caption-attachment-160292\" class=\"wp-caption-text\">Em \u201cNoite de Gala\u201d no Trade Hotel, Cris Bissoli, Tony Jefferson Martins e Emilayni Werneck<\/p><\/div>\n<div id=\"attachment_160290\" style=\"width: 690px\" class=\"wp-caption aligncenter\"><img loading=\"lazy\" decoding=\"async\" aria-describedby=\"caption-attachment-160290\" class=\"wp-image-160290\" src=\"https:\/\/diarioregionaldigital.com.br\/wp-content\/uploads\/2020\/05\/fotob-9.jpg\" alt=\"\" width=\"680\" height=\"444\" srcset=\"https:\/\/diarioregionaldigital.com.br\/wp-content\/uploads\/2020\/05\/fotob-9.jpg 2656w, https:\/\/diarioregionaldigital.com.br\/wp-content\/uploads\/2020\/05\/fotob-9-300x196.jpg 300w, https:\/\/diarioregionaldigital.com.br\/wp-content\/uploads\/2020\/05\/fotob-9-768x502.jpg 768w, https:\/\/diarioregionaldigital.com.br\/wp-content\/uploads\/2020\/05\/fotob-9-1024x669.jpg 1024w, https:\/\/diarioregionaldigital.com.br\/wp-content\/uploads\/2020\/05\/fotob-9-360x235.jpg 360w\" sizes=\"auto, (max-width: 680px) 100vw, 680px\" \/><p id=\"caption-attachment-160290\" class=\"wp-caption-text\">Panteras lindas no Trade Hotel: Francele Galil, Sandra Portella, M\u00f4nica Gomide Guimar\u00e3es, Irene Barros, Florinha Carmo<\/p><\/div>\n<p style=\"text-align: center;\"><strong>FOTOSS\u00cdNTESE<\/strong><\/p>\n<p>Em momento de pandemia do novo Coronav\u00edrus, a Associa\u00e7\u00e3o Brasileira de Odontologia (ABO\/JF) distribui m\u00e1scaras, sem custo, para dentistas e acad\u00eamicos.<\/p>\n<p>Para desespero das autoridades locais, as ruas da cidade est\u00e3o cada vez mais lotadas e diminuiu a ado\u00e7\u00e3o do isolamento social. Se continuar assim teremos o terr\u00edvel colapso no sistema de sa\u00fade por conta do Covid-19. Fica em casa.<\/p>\n<p>Vem ai o novo livro de cr\u00f4nicas deste colunista com o t\u00edtulo \u201cOrat\u00f3rio\u201d. J\u00e1 \u00e9 o quinto livro escrito por este colunista, com edi\u00e7\u00f5es esgotadas.<\/p>\n<p>Not\u00edcia boa: a Unimed \u00e9 a \u00fanica empresa de sa\u00fade na lembran\u00e7a do p\u00fablico entre as \u201cvinte marcas mais transformadoras na pandemia\u201d. Em nacional se destacaram: Ambev, Magazine Luiza, Nestle, Apple, Coca-Cola, Unilever, O Botic\u00e1rio, Uber, Natura, Samsung, e NetFilx.<\/p>\n<p>O empreendedor e sindicalista S\u00e9rgio Felix usou sua solidariedade distribuindo 400 mascaras em diversos bairros de Juiz de Fora. Dentre eles as comunidades de Graminha e Vila Ideal e Olavo Costa.<\/p>\n<p>Amigos deste colunista Cristiane Rangel, M\u00e1rcio Marques e Solange Fonseca est\u00e3o em produ\u00e7\u00e3o de M\u00e1scaras estampadas e personalizadas<\/p>\n<p>Com muitos volunt\u00e1rios com ajuda pelo bem, a Suprema entregou 400 cestas b\u00e1sicas e 80 litros de \u00e1lcool para outo UBS\u2019s.<\/p>\n<p>Os hot\u00e9is e ag\u00eancias de turismo brasileiros est\u00e3o aderindo e fazendo campanha para o pacotes com utiliza\u00e7\u00e3o futura, com desconto.<\/p>\n<p>Para fazer barulho e colocar todos para dan\u00e7ar em casa, os Dj\u2019s Capute e Moa arrasaram com sua live, no Instagram da Danceteria Danke.<\/p>\n<p>Para concluir: Aproxime a dist\u00e2ncia com amor e pausa. Mesmo ilhados, n\u00e3o estamos s\u00f3s, temos esperan\u00e7a. Bom dia.<\/p>\n<p><img loading=\"lazy\" decoding=\"async\" class=\"aligncenter size-full wp-image-160295\" src=\"https:\/\/diarioregionaldigital.com.br\/wp-content\/uploads\/2020\/05\/anuncio98.jpg\" alt=\"\" width=\"3524\" height=\"1337\" srcset=\"https:\/\/diarioregionaldigital.com.br\/wp-content\/uploads\/2020\/05\/anuncio98.jpg 3524w, https:\/\/diarioregionaldigital.com.br\/wp-content\/uploads\/2020\/05\/anuncio98-300x114.jpg 300w, https:\/\/diarioregionaldigital.com.br\/wp-content\/uploads\/2020\/05\/anuncio98-768x291.jpg 768w, https:\/\/diarioregionaldigital.com.br\/wp-content\/uploads\/2020\/05\/anuncio98-1024x389.jpg 1024w, https:\/\/diarioregionaldigital.com.br\/wp-content\/uploads\/2020\/05\/anuncio98-360x137.jpg 360w\" sizes=\"auto, (max-width: 3524px) 100vw, 3524px\" \/><\/p>\n","protected":false},"excerpt":{"rendered":"<p>Boa A\u00e7\u00e3o Dignos de elogios, o professor da UFJF, Leandro Resende o presidente da ABO\/JF, Ot\u00e1vio Fartes e o empres\u00e1rio Marcelo Andrade fecharam parceria para produzir m\u00e1scaras (modelo \u2018face shields\u2019) para distribui\u00e7\u00e3o gratuita a todos os profissionais da \u00e1rea. A entrega dos Equipamentos de Prote\u00e7\u00e3o Individual (EPT\u2019s) j\u00e1 come\u00e7ou e est\u00e1 beneficiando muitas pessoas. Rendimento [&hellip;]<\/p>\n","protected":false},"author":96,"featured_media":160289,"comment_status":"closed","ping_status":"closed","sticky":false,"template":"","format":"standard","meta":{"footnotes":""},"categories":[264],"tags":[],"class_list":["post-160297","post","type-post","status-publish","format-standard","has-post-thumbnail","hentry","category-eduardo-gomes"],"_links":{"self":[{"href":"https:\/\/diarioregionaldigital.com.br\/index.php?rest_route=\/wp\/v2\/posts\/160297","targetHints":{"allow":["GET"]}}],"collection":[{"href":"https:\/\/diarioregionaldigital.com.br\/index.php?rest_route=\/wp\/v2\/posts"}],"about":[{"href":"https:\/\/diarioregionaldigital.com.br\/index.php?rest_route=\/wp\/v2\/types\/post"}],"author":[{"embeddable":true,"href":"https:\/\/diarioregionaldigital.com.br\/index.php?rest_route=\/wp\/v2\/users\/96"}],"replies":[{"embeddable":true,"href":"https:\/\/diarioregionaldigital.com.br\/index.php?rest_route=%2Fwp%2Fv2%2Fcomments&post=160297"}],"version-history":[{"count":0,"href":"https:\/\/diarioregionaldigital.com.br\/index.php?rest_route=\/wp\/v2\/posts\/160297\/revisions"}],"wp:featuredmedia":[{"embeddable":true,"href":"https:\/\/diarioregionaldigital.com.br\/index.php?rest_route=\/wp\/v2\/media\/160289"}],"wp:attachment":[{"href":"https:\/\/diarioregionaldigital.com.br\/index.php?rest_route=%2Fwp%2Fv2%2Fmedia&parent=160297"}],"wp:term":[{"taxonomy":"category","embeddable":true,"href":"https:\/\/diarioregionaldigital.com.br\/index.php?rest_route=%2Fwp%2Fv2%2Fcategories&post=160297"},{"taxonomy":"post_tag","embeddable":true,"href":"https:\/\/diarioregionaldigital.com.br\/index.php?rest_route=%2Fwp%2Fv2%2Ftags&post=160297"}],"curies":[{"name":"wp","href":"https:\/\/api.w.org\/{rel}","templated":true}]}}