{"id":160263,"date":"2020-05-14T14:22:19","date_gmt":"2020-05-14T17:22:19","guid":{"rendered":"https:\/\/diarioregionaldigital.com.br\/?p=160263"},"modified":"2020-05-14T14:22:19","modified_gmt":"2020-05-14T17:22:19","slug":"com-deficit-de-9-em-2020-divida-publica-pode-chegar-a-90-do-pib-alerta-mansueto","status":"publish","type":"post","link":"https:\/\/diarioregionaldigital.com.br\/?p=160263","title":{"rendered":"Com d\u00e9ficit de 9% em 2020, d\u00edvida p\u00fablica pode chegar a 90% do PIB, alerta Mansueto"},"content":{"rendered":"<p>O d\u00e9ficit nas contas p\u00fablicas brasileiras pode chegar a R$ 700 bilh\u00f5es em 2020, o que, somado \u00e0 forte queda do produto interno bruto (PIB) no mesmo per\u00edodo, deve fazer com que o endividamento p\u00fablico ultrapasse a marca de 90% do PIB. A proje\u00e7\u00e3o foi feita pelo secret\u00e1rio do Tesouro Nacional, Mansueto de Almeida, nessa quinta-feira (14) na comiss\u00e3o do Congresso Nacional que acompanha as a\u00e7\u00f5es do governo de combate \u00e0 pandemia de coronav\u00edrus.<\/p>\n<p>\u201cSe o rombo for em torno de R$ 700 bilh\u00f5es, o que \u00e9 plaus\u00edvel, o d\u00e9ficit, s\u00f3 em 2020, passar\u00e1 de 9% do PIB. A d\u00edvida p\u00fablica, que hav\u00edamos reduzido para menos de 76% do PIB no ano passado, pode passar de 90% agora. Uma d\u00edvida dessa dimens\u00e3o pode ser muito alta para um pa\u00eds que n\u00e3o cresce, ou que cresce s\u00f3 1% ao ano, mas n\u00e3o ser\u00e1 alta se crescermos 3% ou 4% ao ano quando a pandemia passar\u201d projetou Mansueto.<\/p>\n<p><strong>Reformas<\/strong><\/p>\n<p>Para o secret\u00e1rio, as for\u00e7as pol\u00edtico-sociais do pa\u00eds dever\u00e3o se esfor\u00e7ar na busca de consensos em torno de uma agenda de reformas no cen\u00e1rio p\u00f3s-pandemia. Mansueto deixou claro que a prioridade do governo em 2020 ser\u00e1 a sa\u00fade das pessoas e minorar o forte impacto negativo causado pelo coronav\u00edrus na economia. Mas, continuou, a partir de 2021 a agenda de reformas estruturais deve ser retomada no Congresso Nacional, &#8220;para afastarmos preocupa\u00e7\u00f5es dos investidores internacionais quanto \u00e0 capacidade do Brasil de honrar o endividamento&#8221;.<\/p>\n<p>A agenda de reformas deve ser retomada priorizando mudan\u00e7as no modelo tribut\u00e1rio e a moderniza\u00e7\u00e3o de marcos regulat\u00f3rios em diversos setores da infraestrutura, o que, segundo Mansueto, s\u00e3o condi\u00e7\u00f5es para que o Brasil possa voltar a crescer entre 3% e 4% ao ano. Al\u00e9m disso, o Parlamento e a sociedade precisam rever programas e pol\u00edticas hoje inclu\u00eddas no Or\u00e7amento federal, &#8220;porque a margem para investimentos p\u00fablicos est\u00e1 estrangulada&#8221;.<\/p>\n<p>\u201cAntes da crise, aprovamos para 2020 um Or\u00e7amento em que a despesa do governo federal, fora o pagamento de juros, foi de R$ 1,48 trilh\u00e3o. Soa robusto, e \u00e9, mas o investimento p\u00fablico nisso a\u00ed \u00e9 s\u00f3 R$ 45 bilh\u00f5es. \u00c9 muito pouco! Temos que ser transparentes e debatermos seriamente se n\u00e3o estamos gastando demais em programas que n\u00e3o d\u00e3o o retorno esperado. Precisamos retomar o espa\u00e7o para o investimento p\u00fablico\u201d avaliou.<\/p>\n<p>Mansueto ainda deixou claro que \u00e9 a favor do congelamento dos sal\u00e1rios dos servidores p\u00fablicos at\u00e9 o final de 2021, aliviando a press\u00e3o, nesse caso, n\u00e3o apenas das contas da Uni\u00e3o, mas tamb\u00e9m dos estados e munic\u00edpios, j\u00e1 que a arrecada\u00e7\u00e3o de todos os entes federados tem sofrido fortes quedas. Mas o secret\u00e1rio acredita que existe uma margem para conceder b\u00f4nus tempor\u00e1rios para as categorias que est\u00e3o na linha de frente de combate ao coronav\u00edrus.<\/p>\n<p><strong>&#8216;Cobertor curto&#8217;<\/strong><\/p>\n<p>Ao contr\u00e1rio de pa\u00edses como os EUA, Alemanha e Jap\u00e3o, que conseguem se financiar com taxa de juro real negativa vendendo t\u00edtulos de longo prazo, o Brasil n\u00e3o tem a mesma margem de manobra, analisou Mansueto. Para vender t\u00edtulos de 10 anos, o Brasil arca com juros reais acima de 4% ao ano. Por isso &#8220;o cobertor \u00e9 mais curto&#8221; para arcar com aumentos de gastos e endividamentos.<\/p>\n<p>Outra dificuldade do Brasil, na interpreta\u00e7\u00e3o do secret\u00e1rio do Tesouro, \u00e9 sua alta carga tribut\u00e1ria, em torno de 33% do PIB. Mansueto acrescentou que a m\u00e9dia na Am\u00e9rica Latina \u00e9 em torno de 22% do PIB.<\/p>\n<p>\u201cN\u00e3o tem jeito, para recuperarmos a arrecada\u00e7\u00e3o, vamos ter que voltar a crescer. Nos tornamos um pa\u00eds muito caro e, para arcarmos com essa conta gradualmente, fazendo o ajuste fiscal gradual, vamos ter que manter a trajet\u00f3ria da racionaliza\u00e7\u00e3o do gasto p\u00fablico. Precisamos controlar o crescimento dos gastos p\u00fablicos ap\u00f3s a pandemia, fazer as reformas necess\u00e1rias para o pa\u00eds crescer. E isso ajudar no ajuste fiscal, para n\u00e3o ter que aumentar a carga tribut\u00e1ria\u201d sugeriu o secret\u00e1rio.<\/p>\n<p>&nbsp;<\/p>\n<p><strong>Fonte:<\/strong>\u00a0Ag\u00eancia Senado<\/p>\n","protected":false},"excerpt":{"rendered":"<p>O d\u00e9ficit nas contas p\u00fablicas brasileiras pode chegar a R$ 700 bilh\u00f5es em 2020, o que, somado \u00e0 forte queda do produto interno bruto (PIB) no mesmo per\u00edodo, deve fazer com que o endividamento p\u00fablico ultrapasse a marca de 90% do PIB. A proje\u00e7\u00e3o foi feita pelo secret\u00e1rio do Tesouro Nacional, Mansueto de Almeida, nessa [&hellip;]<\/p>\n","protected":false},"author":96,"featured_media":160264,"comment_status":"closed","ping_status":"closed","sticky":false,"template":"","format":"standard","meta":{"footnotes":""},"categories":[436,261,439],"tags":[],"class_list":["post-160263","post","type-post","status-publish","format-standard","has-post-thumbnail","hentry","category-destaque-da-semana","category-economia","category-ultima-hora"],"_links":{"self":[{"href":"https:\/\/diarioregionaldigital.com.br\/index.php?rest_route=\/wp\/v2\/posts\/160263","targetHints":{"allow":["GET"]}}],"collection":[{"href":"https:\/\/diarioregionaldigital.com.br\/index.php?rest_route=\/wp\/v2\/posts"}],"about":[{"href":"https:\/\/diarioregionaldigital.com.br\/index.php?rest_route=\/wp\/v2\/types\/post"}],"author":[{"embeddable":true,"href":"https:\/\/diarioregionaldigital.com.br\/index.php?rest_route=\/wp\/v2\/users\/96"}],"replies":[{"embeddable":true,"href":"https:\/\/diarioregionaldigital.com.br\/index.php?rest_route=%2Fwp%2Fv2%2Fcomments&post=160263"}],"version-history":[{"count":0,"href":"https:\/\/diarioregionaldigital.com.br\/index.php?rest_route=\/wp\/v2\/posts\/160263\/revisions"}],"wp:featuredmedia":[{"embeddable":true,"href":"https:\/\/diarioregionaldigital.com.br\/index.php?rest_route=\/wp\/v2\/media\/160264"}],"wp:attachment":[{"href":"https:\/\/diarioregionaldigital.com.br\/index.php?rest_route=%2Fwp%2Fv2%2Fmedia&parent=160263"}],"wp:term":[{"taxonomy":"category","embeddable":true,"href":"https:\/\/diarioregionaldigital.com.br\/index.php?rest_route=%2Fwp%2Fv2%2Fcategories&post=160263"},{"taxonomy":"post_tag","embeddable":true,"href":"https:\/\/diarioregionaldigital.com.br\/index.php?rest_route=%2Fwp%2Fv2%2Ftags&post=160263"}],"curies":[{"name":"wp","href":"https:\/\/api.w.org\/{rel}","templated":true}]}}