{"id":160261,"date":"2020-05-14T14:04:34","date_gmt":"2020-05-14T17:04:34","guid":{"rendered":"https:\/\/diarioregionaldigital.com.br\/?p=160261"},"modified":"2020-05-14T14:04:34","modified_gmt":"2020-05-14T17:04:34","slug":"covid-19-estado-chega-a-1-680-pacientes-recuperados-da-doenca","status":"publish","type":"post","link":"https:\/\/diarioregionaldigital.com.br\/?p=160261","title":{"rendered":"Covid-19: Estado chega a 1.680 pacientes recuperados da doen\u00e7a"},"content":{"rendered":"<p>O novo boletim epidemiol\u00f3gico divulgado nesta quinta-feira (14), pela Secretaria de Estado da Sa\u00fade de Minas Gerais (SES-MG), aponta que 1.680 pacientes est\u00e3o recuperados do Coronav\u00edrus. O valor representa 42,5% dos casos confirmados. Conforme o levantamento, houve aumento de 3.733 para 3.950 casos confirmados de Coronav\u00edrus em Minas Gerais. O aumento foi de 217 novos casos na compara\u00e7\u00e3o com ontem (13). O n\u00famero de \u00f3bitos confirmados tamb\u00e9m cresceu, de 135 para 139: Governador Valadares (homem de 56 anos), Caxambu (idosa de 81 anos), Alfredo Vasconcelos (jovem de 27 anos) e Betim (idosa de 74 anos). Al\u00e9m disso, 2.131 paciente est\u00e3o sob acompanhamento.<\/p>\n<p>Conforme os dados apontados pela entidade, foram realizados 16.571 testes laboratoriais para detectar a doen\u00e7a. Ao todo, 814 deram resultados positivo, representando 4,9% dos testes realizados. Al\u00e9m disso, 14.989 pacientes fizeram os testes e tiveram resultado negativo para Covid-19, representando 90,4%. At\u00e9 o momento, 141 exames foram inconclusivos e 627 est\u00e3o sob an\u00e1lise.<\/p>\n<p>Os\u00a0dados atualizados\u00a0referentes a \u00f3bitos confirmados em Minas Gerais s\u00e3o: Alfredo Vasconcelos (1), Araguari (1), Arax\u00e1 (1), Barbacena (2), Belmiro Braga (1), Belo Horizonte (28), Belo Vale (1), Betim (3), Boa Esperan\u00e7a (1), Bonfim (1), Bueno Brand\u00e3o (1), Capit\u00f3lio (1), Carmo do Cajuru (1), Cataguases(1), Caxambu (1), Centralina (1), Contagem (3), Divin\u00f3polis (1), Espinosa (1), Extrema (3), Governador Valadares (4), Ipia\u00e7u (1), Itabira (1), Itajub\u00e1 (1), Itambacuri (1), Itapeva (1), Jacutinga (1), Jequitinhonha (1), Juiz de Fora (21), Manhua\u00e7u (1), Mariana (2), M\u00e1rio Campos (1), Martinho Campos (1), Montes Claros (2), Morro da Gar\u00e7a (1), Muria\u00e9 (1), Nanuque (1), Nova Serrana (1), Novo Cruzeiro (1), Ouro Fino (1), Paracatu (1), Parais\u00f3polis (2), Patos de Minas (1), Patroc\u00ednio (1), Perdizes (1), Piumhi (1), Planura (1), Po\u00e7os de Caldas (3), Pouso Alegre (3), Presidente Juscelino (1), Santa Luzia (1), Santos Dumont (1), S\u00e3o Francisco (2), S\u00e3o Geraldo da Piedade (1), S\u00e3o Jo\u00e3o Nepomuceno (1), S\u00e3o Jos\u00e9 da Lapa (1), S\u00e3o Rom\u00e3o (1), S\u00e3o Sebasti\u00e3o do Para\u00edso (1), S\u00e3o Tom\u00e1s de Aquino (1), Sete Lagoas (1), Te\u00f3filo Otoni (1), Toledo (1), Tr\u00eas Pontas (1), Uberaba (4), Uberl\u00e2ndia (11), Varginha (1) e Varzel\u00e2ndia (1).<\/p>\n<div class=\"the_champ_sharing_container the_champ_horizontal_sharing\"><\/div>\n<p>&nbsp;<\/p>\n","protected":false},"excerpt":{"rendered":"<p>O novo boletim epidemiol\u00f3gico divulgado nesta quinta-feira (14), pela Secretaria de Estado da Sa\u00fade de Minas Gerais (SES-MG), aponta que 1.680 pacientes est\u00e3o recuperados do Coronav\u00edrus. O valor representa 42,5% dos casos confirmados. Conforme o levantamento, houve aumento de 3.733 para 3.950 casos confirmados de Coronav\u00edrus em Minas Gerais. O aumento foi de 217 novos [&hellip;]<\/p>\n","protected":false},"author":96,"featured_media":159834,"comment_status":"closed","ping_status":"closed","sticky":false,"template":"","format":"standard","meta":{"footnotes":""},"categories":[436,440,252,439],"tags":[],"class_list":["post-160261","post","type-post","status-publish","format-standard","has-post-thumbnail","hentry","category-destaque-da-semana","category-destaques-do-dia","category-regiao","category-ultima-hora"],"_links":{"self":[{"href":"https:\/\/diarioregionaldigital.com.br\/index.php?rest_route=\/wp\/v2\/posts\/160261","targetHints":{"allow":["GET"]}}],"collection":[{"href":"https:\/\/diarioregionaldigital.com.br\/index.php?rest_route=\/wp\/v2\/posts"}],"about":[{"href":"https:\/\/diarioregionaldigital.com.br\/index.php?rest_route=\/wp\/v2\/types\/post"}],"author":[{"embeddable":true,"href":"https:\/\/diarioregionaldigital.com.br\/index.php?rest_route=\/wp\/v2\/users\/96"}],"replies":[{"embeddable":true,"href":"https:\/\/diarioregionaldigital.com.br\/index.php?rest_route=%2Fwp%2Fv2%2Fcomments&post=160261"}],"version-history":[{"count":0,"href":"https:\/\/diarioregionaldigital.com.br\/index.php?rest_route=\/wp\/v2\/posts\/160261\/revisions"}],"wp:featuredmedia":[{"embeddable":true,"href":"https:\/\/diarioregionaldigital.com.br\/index.php?rest_route=\/wp\/v2\/media\/159834"}],"wp:attachment":[{"href":"https:\/\/diarioregionaldigital.com.br\/index.php?rest_route=%2Fwp%2Fv2%2Fmedia&parent=160261"}],"wp:term":[{"taxonomy":"category","embeddable":true,"href":"https:\/\/diarioregionaldigital.com.br\/index.php?rest_route=%2Fwp%2Fv2%2Fcategories&post=160261"},{"taxonomy":"post_tag","embeddable":true,"href":"https:\/\/diarioregionaldigital.com.br\/index.php?rest_route=%2Fwp%2Fv2%2Ftags&post=160261"}],"curies":[{"name":"wp","href":"https:\/\/api.w.org\/{rel}","templated":true}]}}