{"id":160258,"date":"2020-05-14T10:41:04","date_gmt":"2020-05-14T13:41:04","guid":{"rendered":"https:\/\/diarioregionaldigital.com.br\/?p=160258"},"modified":"2020-05-14T10:41:04","modified_gmt":"2020-05-14T13:41:04","slug":"economia-de-mg-perde-mais-sem-isolamento-social-diz-estudo","status":"publish","type":"post","link":"https:\/\/diarioregionaldigital.com.br\/?p=160258","title":{"rendered":"Economia de MG perde mais sem isolamento social, diz estudo"},"content":{"rendered":"<p><span style=\"font-weight: 400;\">Estudo assinado por dez economistas do Centro de Desenvolvimento e Planejamento Regional (Cedeplar), da Faculdade de Ci\u00eancias Econ\u00f4micas da Universidade Federal de Minas Gerais, UFMG, assinala que sem as medidas de isolamento social para evitar a propaga\u00e7\u00e3o do novo coronav\u00edrus a economia mineira pode perder quatro vezes mais.<\/span><\/p>\n<p><span style=\"font-weight: 400;\">\u201cDe acordo com nossos resultados, o cen\u00e1rio de \u2018distanciamento estendido\u2019 implicaria uma queda de -1% no PIB de Minas Gerais. O cen\u00e1rio \u201csem distanciamento\u201d resultaria em uma queda total no PIB do estado da ordem de -4,0%\u201d, descreve a an\u00e1lise dispon\u00edvel na internet.<\/span><\/p>\n<p><span style=\"font-weight: 400;\">Em valores monet\u00e1rios, os economistas calculam que \u201cacabar com o isolamento eleva a perda na economia de Minas Gerais em cerca de R$ 50 bilh\u00f5es de reais. O cen\u00e1rio de \u2018distanciamento estendido\u2019 equivaleria a uma perda de R$ 19 bilh\u00f5es no PIB de Minas Gerais, enquanto que para o cen\u00e1rio \u2018sem distanciamento\u2019 essa perda seria de R$69 bilh\u00f5es.\u201d<\/span><\/p>\n<p><span style=\"font-weight: 400;\">Para os autores do estudo, \u201co cen\u00e1rio sem isolamento, dada a maior taxa de fatalidades e adoecimento, \u00e9 o que promove a maior queda na produtividade\u201d. Os setores mais impactados seriam de ind\u00fastria e servi\u00e7os.<\/span><\/p>\n<p><span style=\"font-weight: 400;\">A an\u00e1lise conclui que o maior isolamento social tem benef\u00edcios econ\u00f4micos. \u201cPoupar vidas e a capacidade de atendimento do sistema de sa\u00fade para a maioria da popula\u00e7\u00e3o \u00e9 um ganho econ\u00f4mico relevante\u201d. Os economistas, no entanto, consideram que \u201ca sociedade parece ter dificuldade em avaliar os benef\u00edcios que as estrat\u00e9gias de isolamento trazem\u201d para evitar a prolifera\u00e7\u00e3o da covid-19.<\/span><\/p>\n<p><span style=\"font-weight: 400;\">\u201cA preserva\u00e7\u00e3o de vidas \u00e9, do ponto de vista econ\u00f4mico, essencial, tanto pela preserva\u00e7\u00e3o de capacidade de trabalho e de consumo, como de conhecimentos e de redes de relacionamentos sociais\u201d, aponta o estudo que pondera que \u201cas mensagens distintas sobre o distanciamento vindas de diferentes esferas de governo (especialmente do governo federal) limitaram o entendimento e a ado\u00e7\u00e3o do distanciamento pela popula\u00e7\u00e3o.\u201d<\/span><\/p>\n<p><b>Faculdade de Medicina<\/b><\/p>\n<p><span style=\"font-weight: 400;\">O estudo dos economistas \u00e9 a segunda publica\u00e7\u00e3o cient\u00edfica da UFMG que defende o distanciamento social por causa da pandemia causada pelo novo coronav\u00edrus. No final de semana, sete docentes e pesquisadores da Faculdade de Medicina divulgaram texto assinalando nove motivos para a manuten\u00e7\u00e3o da medida em Minas Gerais.<\/span><\/p>\n<p><span style=\"font-weight: 400;\">Na publica\u00e7\u00e3o, os professores lembram que a transmiss\u00e3o do v\u00edrus ainda n\u00e3o est\u00e1 controlada no pa\u00eds e que o sistema de sa\u00fade n\u00e3o conseguiu detectar todas as pessoas contaminadas com a covid-19 no estado, problema chamado de subnotifica\u00e7\u00e3o.<\/span><\/p>\n<p><span style=\"font-weight: 400;\">O estudo lembra que ainda n\u00e3o h\u00e1 \u201cplanejamento para a realiza\u00e7\u00e3o de testes em amostra representativa da popula\u00e7\u00e3o\u201d, e pede mais \u201csistematiza\u00e7\u00e3o e a transpar\u00eancia das informa\u00e7\u00f5es\u201d quanto \u00e0 distribui\u00e7\u00e3o de profissionais, disponibilidade de leitos, insumos de prote\u00e7\u00e3o individual (EPI), e de respiradores.<\/span><\/p>\n<p><span style=\"font-weight: 400;\">Na avalia\u00e7\u00e3o dos professores de medicina da UFMG, \u201cos protocolos com as medidas preventivas e de controle em ambientes de trabalho, espa\u00e7os p\u00fablicos e escolas ainda n\u00e3o foram amplamente divulgados e debatidos nos diversos setores da sociedade.\u201d<\/span><\/p>\n<p><span style=\"font-weight: 400;\">Os especialistas consideram \u201cinsuficiente\u201d o investimento em campanhas que promovam o engajamento da popula\u00e7\u00e3o e conscientiza\u00e7\u00e3o para ades\u00e3o \u00e0s medidas preventivas, e pedem mais esclarecimento ao p\u00fablico sobre a vigil\u00e2ncia e o controle de poss\u00edveis novos casos importados de outras cidades e estados. A publica\u00e7\u00e3o sublinha a falta de alinhamento quanto \u00e0 pol\u00edtica de preven\u00e7\u00e3o entre os governos federal e estadual.<\/span><\/p>\n<p><span style=\"font-weight: 400;\">O documento ainda pondera que pode ter um custo social e humano alto se as autoridades tiverem como estrat\u00e9gia sanit\u00e1ria aguardar o fim da transmiss\u00e3o da covid-19 por causa do efeito da auto imuniza\u00e7\u00e3o adquirida por parte da popula\u00e7\u00e3o, ap\u00f3s entrarem em contato com o novo coronav\u00edrus &#8211; o que os infectologistas chamam de \u201cimunidade de grupo ou efeito rebanho\u201d.<\/span><\/p>\n<p><span style=\"font-weight: 400;\">Os professores da Faculdade de Medicina da UFMG alertam que esse efeito pode demorar. \u201cN\u00e3o h\u00e1 evid\u00eancia, at\u00e9 o momento, de que a exist\u00eancia de anticorpos no sangue para a covid-19 seja uma garantia duradoura contra a infec\u00e7\u00e3o.\u201d<\/span><\/p>\n<p>&nbsp;<\/p>\n<p><strong>Fonte:<\/strong>\u00a0Ag\u00eancia Brasil<\/p>\n","protected":false},"excerpt":{"rendered":"<p>Estudo assinado por dez economistas do Centro de Desenvolvimento e Planejamento Regional (Cedeplar), da Faculdade de Ci\u00eancias Econ\u00f4micas da Universidade Federal de Minas Gerais, UFMG, assinala que sem as medidas de isolamento social para evitar a propaga\u00e7\u00e3o do novo coronav\u00edrus a economia mineira pode perder quatro vezes mais. \u201cDe acordo com nossos resultados, o cen\u00e1rio [&hellip;]<\/p>\n","protected":false},"author":96,"featured_media":160259,"comment_status":"closed","ping_status":"closed","sticky":false,"template":"","format":"standard","meta":{"footnotes":""},"categories":[436,440,261,439],"tags":[],"class_list":["post-160258","post","type-post","status-publish","format-standard","has-post-thumbnail","hentry","category-destaque-da-semana","category-destaques-do-dia","category-economia","category-ultima-hora"],"_links":{"self":[{"href":"https:\/\/diarioregionaldigital.com.br\/index.php?rest_route=\/wp\/v2\/posts\/160258","targetHints":{"allow":["GET"]}}],"collection":[{"href":"https:\/\/diarioregionaldigital.com.br\/index.php?rest_route=\/wp\/v2\/posts"}],"about":[{"href":"https:\/\/diarioregionaldigital.com.br\/index.php?rest_route=\/wp\/v2\/types\/post"}],"author":[{"embeddable":true,"href":"https:\/\/diarioregionaldigital.com.br\/index.php?rest_route=\/wp\/v2\/users\/96"}],"replies":[{"embeddable":true,"href":"https:\/\/diarioregionaldigital.com.br\/index.php?rest_route=%2Fwp%2Fv2%2Fcomments&post=160258"}],"version-history":[{"count":0,"href":"https:\/\/diarioregionaldigital.com.br\/index.php?rest_route=\/wp\/v2\/posts\/160258\/revisions"}],"wp:featuredmedia":[{"embeddable":true,"href":"https:\/\/diarioregionaldigital.com.br\/index.php?rest_route=\/wp\/v2\/media\/160259"}],"wp:attachment":[{"href":"https:\/\/diarioregionaldigital.com.br\/index.php?rest_route=%2Fwp%2Fv2%2Fmedia&parent=160258"}],"wp:term":[{"taxonomy":"category","embeddable":true,"href":"https:\/\/diarioregionaldigital.com.br\/index.php?rest_route=%2Fwp%2Fv2%2Fcategories&post=160258"},{"taxonomy":"post_tag","embeddable":true,"href":"https:\/\/diarioregionaldigital.com.br\/index.php?rest_route=%2Fwp%2Fv2%2Ftags&post=160258"}],"curies":[{"name":"wp","href":"https:\/\/api.w.org\/{rel}","templated":true}]}}