{"id":160249,"date":"2020-05-14T10:22:53","date_gmt":"2020-05-14T13:22:53","guid":{"rendered":"https:\/\/diarioregionaldigital.com.br\/?p=160249"},"modified":"2020-05-14T10:22:53","modified_gmt":"2020-05-14T13:22:53","slug":"macrorregiao-nordeste-deve-voltar-a-seguir-protocolos-da-onda-verde-do-programa-minas-consciente","status":"publish","type":"post","link":"https:\/\/diarioregionaldigital.com.br\/?p=160249","title":{"rendered":"Macrorregi\u00e3o Nordeste deve voltar a seguir protocolos da onda verde do programa Minas Consciente"},"content":{"rendered":"<p>Os 57 munic\u00edpios localizados na macrorregi\u00e3o de Sa\u00fade Nordeste dever\u00e3o voltar a seguir os protocolos da onda verde do programa\u00a0Minas Consciente, que prop\u00f5e a retomada gradual, progressiva e regionalizada da economia, colocando sempre a sa\u00fade dos mineiros em primeiro lugar. Nesta etapa, \u00e9 recomendado o funcionamento apenas de atividades essenciais, como farm\u00e1cias, padarias, supermercados e bancos. Desde a semana passada, a regi\u00e3o Nordeste integrava a onda branca do programa, quando as cidades j\u00e1 podem reabrir estabelecimentos de baixo risco, como floriculturas e lojas de artigos esportivos e eletr\u00f4nicos.<\/p>\n<p>A nova orienta\u00e7\u00e3o para a regi\u00e3o Nordeste foi definida na quarta-feira (13\/5) pelo Comit\u00ea Extraordin\u00e1rio Covid-19, grupo criado pelo\u00a0Governo de Minas\u00a0para avaliar o avan\u00e7o do coronav\u00edrus no estado. Os t\u00e9cnicos observaram que as taxas de ocupa\u00e7\u00e3o de leitos nas cidades dessa macrorregi\u00e3o aumentaram desde a semana passada e n\u00e3o permitem, neste momento, a abertura de mais estabelecimentos com seguran\u00e7a. Os indicadores tamb\u00e9m demonstraram que a taxa de incid\u00eancia da doen\u00e7a aumentou e exige cautela.<\/p>\n<p>O governador Romeu Zema reafirmou o compromisso com a sa\u00fade dos mineiros e salientou que a retomada econ\u00f4mica ser\u00e1 cautelosa e respeitar\u00e1 os limites impostos pelo avan\u00e7o da pandemia.<\/p>\n<p>\u201cO Minas Consciente \u00e9 um plano que busca iniciar uma nova realidade no estado, considerando fatores econ\u00f4micos, n\u00famero de leitos dispon\u00edveis e novos casos da doen\u00e7a registrados em cada regi\u00e3o. Todas as medidas de flexibiliza\u00e7\u00e3o e os efeitos sobre a curva de contamina\u00e7\u00e3o pelo coronav\u00edrus est\u00e3o sendo monitoradas em todas as regi\u00f5es. Desde o in\u00edcio, informamos sobre a possibilidade de regress\u00e3o em caso de cen\u00e1rios desfavor\u00e1veis, como aconteceu agora com a macrorregi\u00e3o Nordeste. O nosso objetivo \u00e9 a retomada econ\u00f4mica do jeito certo e seguro.\u00a0Pois a sa\u00fade dos mineiros ser\u00e1 sempre a nossa principal preocupa\u00e7\u00e3o\u201d, afirmou.<\/p>\n<p>Elaborado pelo Governo de Minas, o programa Minas Consciente setoriza as atividades econ\u00f4micas em quatro \u201condas\u201d (onda verde \u2013 servi\u00e7os essenciais; onda branca \u2013 baixo risco; onda amarela \u2013 m\u00e9dio risco; onda vermelha \u2013 alto risco), a serem liberadas para funcionamento de forma progressiva, conforme indicadores de capacidade assistencial e de propaga\u00e7\u00e3o da doen\u00e7a.<\/p>\n<p>O programa tem objetivo de orientar as prefeituras. Ficar\u00e1 a crit\u00e9rio de cada prefeito aderir e seguir os protocolos em seu munic\u00edpio. Os empres\u00e1rios que desejam reativar seus estabelecimentos devem consultar se a prefeitura local aderiu ao programa e seguir as orienta\u00e7\u00f5es da\u00a0Secretaria de Estado de Sa\u00fade (SES-MG).<\/p>\n<p><strong>Onda branca\u00a0<\/strong><\/p>\n<p>As macrorregi\u00f5es de Sa\u00fade Centro, Leste do Sul, Noroeste, que tamb\u00e9m haviam progredido para a onda branca na semana passada, continuam apresentando taxas controladas da doen\u00e7a e, por isso, podem manter os protocolos mais flex\u00edveis.<\/p>\n<p>Vale lembrar que, para a reabertura segura, os comerciantes devem seguir os protocolos do programa Minas Consciente. Algumas das orienta\u00e7\u00f5es s\u00e3o que os estabelecimentos tenham meios para higieniza\u00e7\u00e3o das m\u00e3os com \u00e1gua e sab\u00e3o ou \u00e1lcool em gel 70%. Eles tamb\u00e9m devem fornecer Equipamentos de Prote\u00e7\u00e3o Individual adequados para a atividade exercida e providenciar barreira de prote\u00e7\u00e3o f\u00edsica quando os funcion\u00e1rios estiverem em contato com o cliente.<\/p>\n<p><strong>Autoescola<\/strong><\/p>\n<p>A partir desta semana, as autoescolas tamb\u00e9m j\u00e1 podem voltar a funcionar nas macrorregi\u00f5es de Sa\u00fade Centro, Leste do Sul e Noroeste. As unidades de forma\u00e7\u00e3o de condutores, antes enquadradas na onda vermelha do programa Minas Consciente, foram transferidas para a onda branca, seguindo crit\u00e9rios econ\u00f4micos e observando as condi\u00e7\u00f5es de seguran\u00e7a da categoria.<\/p>\n<p>Entre os protocolos a serem seguidos pelas autoescolas est\u00e3o:<\/p>\n<p>&#8211; Limite de um aluno a cada 2 metros quadrados na sala de aula, considerando-se um espa\u00e7o de 2 metros de dist\u00e2ncia entre uma cadeira e outra;<\/p>\n<p>&#8211; Nas \u00e1reas de circula\u00e7\u00e3o interna sempre demarcar com sinaliza\u00e7\u00e3o a dist\u00e2ncia de 2 metros que deve ser mantida entre um cliente e outro;<\/p>\n<p>&#8211; S\u00f3 permitir a entrada de clientes se estiverem utilizando m\u00e1scaras;<\/p>\n<p>&#8211; Suspens\u00e3o do atendimento aos alunos pertencentes ao grupo de risco.<\/p>\n<p><strong>Entenda os protocolos previstos para cada onda<\/strong><\/p>\n<p>O programa setoriza as atividades econ\u00f4micas em quatro \u201condas\u201d, a serem liberadas para funcionamento de forma progressiva, conforme indicadores de capacidade assistencial e de propaga\u00e7\u00e3o da doen\u00e7a.<\/p>\n<p><strong>Vale ressaltar que alguns setores foram exclu\u00eddos das ondas por necessitarem de uma \u00f3tica diferenciada de tratamento. S\u00e3o eles:<\/strong><\/p>\n<p><u>Setores que s\u00f3 poder\u00e3o ser retomadas quando houver controle da pandemia:<\/u>\u00a0atividades que geram um risco extremamente alto para a popula\u00e7\u00e3o brasileira, com grande aglomera\u00e7\u00e3o de pessoas e grande possibilidade de cont\u00e1gio, tais como grandes eventos, museus, cinemas e demais atividades incentivadoras de grandes aglomera\u00e7\u00f5es, al\u00e9m de turismo em geral, clubes, shoppings centers, academias, atividades de lazer e esportivas;<\/p>\n<p><u>Institui\u00e7\u00f5es de ensino:<\/u>\u00a0estas atividades possuem uma \u00f3tica particular de funcionamento, que perpassam as ondas e que devem ser avaliadas pela Secretaria de Estado de Educa\u00e7\u00e3o (SEE) em conjunto com as demais Secretarias;<\/p>\n<p><u>Administra\u00e7\u00e3o p\u00fablica, organismos internacionais e transporte p\u00fablico:<\/u>\u00a0regulados em atos pr\u00f3prios.<\/p>\n<p><strong>Saiba qual \u00e9 a situa\u00e7\u00e3o da sua macrorregi\u00e3o de sa\u00fade<\/strong><\/p>\n<p>Centro, Leste do Sul, Noroeste &#8211; Onda Branca<\/p>\n<p>As macrorregi\u00f5es de sa\u00fade \u00a0Centro,\u00a0Leste do Sul\u00a0e\u00a0Noroeste\u00a0foram transferidas da onda verde para a onda branca ap\u00f3s o Comit\u00ea Extraordin\u00e1rio Covid-19 analisar os dados fornecidos pela Sala de Situa\u00e7\u00e3o da Secretaria de Estado de Sa\u00fade, que realiza o monitoramento constante dos munic\u00edpios mineiros. S\u00e3o feitas atualiza\u00e7\u00e3o di\u00e1rias (dados epidemiol\u00f3gicos, leitos e ocupa\u00e7\u00e3o) e semanais (curvas de tend\u00eancia global e regional), que permitem analisar a situa\u00e7\u00e3o de cada macrorregi\u00e3o e os impactos de uma poss\u00edvel reabertura para o sistema de sa\u00fade local.<\/p>\n<p>Com base nessas informa\u00e7\u00f5es, foram definidos dois indicadores que mostram se o quadro da regi\u00e3o \u00e9 favor\u00e1vel \u00e0 reabertura de novos setores:<\/p>\n<p>&#8211; Rela\u00e7\u00e3o entre a incid\u00eancia de casos confirmados e a propor\u00e7\u00e3o de leitos ocupados;<\/p>\n<p>&#8211; M\u00e9dia de tempo para atendimento \u00e0s solicita\u00e7\u00f5es de interna\u00e7\u00f5es em leitos de UTI.<\/p>\n<p>As quatro macrorregi\u00f5es que avan\u00e7aram para a onda branca apresentam bons indicadores de incid\u00eancia de casos e ocupa\u00e7\u00e3o de leitos, al\u00e9m de redu\u00e7\u00e3o ou estabilidade no tempo m\u00e9dio de espera por leitos em 2020, na compara\u00e7\u00e3o com 2019. Veja abaixo:<\/p>\n<p><strong>Centro<\/strong><\/p>\n<p>Indicador de incid\u00eancia x ocupa\u00e7\u00e3o &#8211;\u00a0 menor de que 40%.<\/p>\n<p>Rela\u00e7\u00e3o do tempo m\u00e9dio de espera por leito entre 2019 e 2020 &#8211; queda de 15%.<\/p>\n<p><strong>Noroeste<\/strong><\/p>\n<p>Indicador de incid\u00eancia x ocupa\u00e7\u00e3o &#8211;\u00a0 entre 70% e 90%.<\/p>\n<p>Rela\u00e7\u00e3o do tempo m\u00e9dio de espera por leito entre 2019 e 2020 &#8211; queda de 65%.<\/p>\n<p><strong>Leste do Sul<\/strong><\/p>\n<p>Indicador de incid\u00eancia x ocupa\u00e7\u00e3o &#8211; entre 70% e 90%.<\/p>\n<p>Rela\u00e7\u00e3o do tempo m\u00e9dio de espera por leito entre 2019 e 2020 &#8211; queda de 87%.<\/p>\n<p><em>*O avan\u00e7o de uma onda para outra n\u00e3o \u00e9 definitivo e pode ser revertido em caso de cen\u00e1rio adverso.<\/em><\/p>\n<p><strong>Onda Verde<\/strong><\/p>\n<p>As regi\u00f5es\u00a0Nordeste, \u00a0Norte,\u00a0Jequitinhonha,\u00a0Leste,\u00a0Vale do A\u00e7o,\u00a0Sudeste,\u00a0Centro-Sul,\u00a0Sul,\u00a0Oeste,Tri\u00e2ngulo do Sul\u00a0e\u00a0Tri\u00e2ngulo do Norte\u00a0ainda n\u00e3o apresentam \u00edndices favor\u00e1veis para a retomada de novos setores econ\u00f4micos, j\u00e1 que a rela\u00e7\u00e3o entre o n\u00famero de leitos e a incid\u00eancia de novos casos, al\u00e9m do tempo m\u00e9dio para interna\u00e7\u00e3o ap\u00f3s solicita\u00e7\u00e3o, n\u00e3o permitem uma folga confi\u00e1vel caso o n\u00famero de casos cres\u00e7a em decorr\u00eancia da reabertura de novos estabelecimentos.<\/p>\n<p>\u200bPor isso, a orienta\u00e7\u00e3o \u00e9 que os munic\u00edpios dessas regi\u00f5es continuem seguindo os protocolos previstos na onda verde, para preservar a sa\u00fade da popula\u00e7\u00e3o e a capacidade de atendimento do sistema de sa\u00fade local.<\/p>\n<p>&nbsp;<\/p>\n<p><strong>Fonte:\u00a0<\/strong>Ag\u00eancia Minas<\/p>\n","protected":false},"excerpt":{"rendered":"<p>Os 57 munic\u00edpios localizados na macrorregi\u00e3o de Sa\u00fade Nordeste dever\u00e3o voltar a seguir os protocolos da onda verde do programa\u00a0Minas Consciente, que prop\u00f5e a retomada gradual, progressiva e regionalizada da economia, colocando sempre a sa\u00fade dos mineiros em primeiro lugar. Nesta etapa, \u00e9 recomendado o funcionamento apenas de atividades essenciais, como farm\u00e1cias, padarias, supermercados e [&hellip;]<\/p>\n","protected":false},"author":96,"featured_media":160250,"comment_status":"closed","ping_status":"closed","sticky":false,"template":"","format":"standard","meta":{"footnotes":""},"categories":[436,440,252,439],"tags":[],"class_list":["post-160249","post","type-post","status-publish","format-standard","has-post-thumbnail","hentry","category-destaque-da-semana","category-destaques-do-dia","category-regiao","category-ultima-hora"],"_links":{"self":[{"href":"https:\/\/diarioregionaldigital.com.br\/index.php?rest_route=\/wp\/v2\/posts\/160249","targetHints":{"allow":["GET"]}}],"collection":[{"href":"https:\/\/diarioregionaldigital.com.br\/index.php?rest_route=\/wp\/v2\/posts"}],"about":[{"href":"https:\/\/diarioregionaldigital.com.br\/index.php?rest_route=\/wp\/v2\/types\/post"}],"author":[{"embeddable":true,"href":"https:\/\/diarioregionaldigital.com.br\/index.php?rest_route=\/wp\/v2\/users\/96"}],"replies":[{"embeddable":true,"href":"https:\/\/diarioregionaldigital.com.br\/index.php?rest_route=%2Fwp%2Fv2%2Fcomments&post=160249"}],"version-history":[{"count":0,"href":"https:\/\/diarioregionaldigital.com.br\/index.php?rest_route=\/wp\/v2\/posts\/160249\/revisions"}],"wp:featuredmedia":[{"embeddable":true,"href":"https:\/\/diarioregionaldigital.com.br\/index.php?rest_route=\/wp\/v2\/media\/160250"}],"wp:attachment":[{"href":"https:\/\/diarioregionaldigital.com.br\/index.php?rest_route=%2Fwp%2Fv2%2Fmedia&parent=160249"}],"wp:term":[{"taxonomy":"category","embeddable":true,"href":"https:\/\/diarioregionaldigital.com.br\/index.php?rest_route=%2Fwp%2Fv2%2Fcategories&post=160249"},{"taxonomy":"post_tag","embeddable":true,"href":"https:\/\/diarioregionaldigital.com.br\/index.php?rest_route=%2Fwp%2Fv2%2Ftags&post=160249"}],"curies":[{"name":"wp","href":"https:\/\/api.w.org\/{rel}","templated":true}]}}