{"id":160246,"date":"2020-05-14T10:17:55","date_gmt":"2020-05-14T13:17:55","guid":{"rendered":"https:\/\/diarioregionaldigital.com.br\/?p=160246"},"modified":"2020-05-14T10:17:55","modified_gmt":"2020-05-14T13:17:55","slug":"mp-recomenda-lockdown-no-estado-e-no-municipio-do-rio","status":"publish","type":"post","link":"https:\/\/diarioregionaldigital.com.br\/?p=160246","title":{"rendered":"MP recomenda lockdown no estado e no munic\u00edpio do Rio"},"content":{"rendered":"<p>O Minist\u00e9rio P\u00fablico do Estado do Rio de Janeiro (MPRJ), por meio da For\u00e7a Tarefa de Enfrentamento \u00e0 Covid-19 e da 3\u00aa Promotoria de Justi\u00e7a de Tutela Coletiva da Cidadania da Capital, recomendou que o governo do estado e a prefeitura do munic\u00edpio adotem medidas mais restritivas de isolamento social, t\u00edpicas de bloqueio total ou\u00a0<em>lockdown<\/em>.<\/p>\n<p>Os documentos encaminhados ao governo e \u00e0 prefeitura t\u00eam data de ontem (13), mas foram divulgados hoje (14) pelo \u00f3rg\u00e3o. Segundo o MPRJ, devem ser paralisadas as atividades n\u00e3o essenciais e a circula\u00e7\u00e3o de pessoas nas \u00e1reas mais cr\u00edticas de cont\u00e1gio do novo coronav\u00edrus, principalmente na capital e regi\u00e3o metropolitana.<\/p>\n<p>O Minist\u00e9rio P\u00fablico baseou-se em \u201cestudos t\u00e9cnicos sustentados em evid\u00eancias cient\u00edficas e em an\u00e1lises sobre as informa\u00e7\u00f5es estrat\u00e9gicas em sa\u00fade, vigil\u00e2ncia sanit\u00e1ria e epidemiol\u00f3gica, mobilidade urbana, seguran\u00e7a p\u00fablica e assist\u00eancia social\u201d para fazer a recomenda\u00e7\u00e3o. Os limites territoriais do\u00a0<em>lockdown<\/em>\u00a0e as medidas a serem inclu\u00eddas devem ser definidas pelo gestor p\u00fablico.<\/p>\n<p>\u201cO MPRJ recomenda que seja editado um decreto, para vigorar pelo prazo de 15 dias (renov\u00e1veis), com base em estudos t\u00e9cnicos elaborados pelo estado e o munic\u00edpio, bem como os da Fiocruz, Universidade Federal do Rio de Janeiro (UFRJ), Universidade Federal Fluminense (UFF), da Sociedade de Infectologia do Rio, do Conselho Nacional de Sa\u00fade entre outros, levando em considera\u00e7\u00e3o a an\u00e1lise de dados e peculiaridades econ\u00f4micas, sociais, geogr\u00e1ficas, pol\u00edticas e culturais, respectivamente, do estado e do munic\u00edpio\u201d.<\/p>\n<p>Segundo o Minist\u00e9rio P\u00fablico, a Organiza\u00e7\u00e3o Mundial da Sa\u00fade (OMS), a Organiza\u00e7\u00e3o Pan-Americana de Sa\u00fade (Opas) e o Minist\u00e9rio da Sa\u00fade consideram que o bloqueio total \u201c\u00e9 eficaz para a redu\u00e7\u00e3o da curva de casos e para dar tempo da reorganiza\u00e7\u00e3o do sistema, em situa\u00e7\u00e3o de acelera\u00e7\u00e3o descontrolada de casos e \u00f3bitos\u201d.<\/p>\n<p>O \u00f3rg\u00e3o recomenda tamb\u00e9m que sejam adotadas medidas de assist\u00eancia social, para \u201cassegurar condi\u00e7\u00f5es de sobreviv\u00eancia \u00e0 popula\u00e7\u00e3o\u201d. Os decretos devem trazer tamb\u00e9m o plano para a sa\u00edda do\u00a0<em>lockdown<\/em>. O prazo dado pelo MPRJ para o cumprimento da recomenda\u00e7\u00e3o \u00e9 de 72 horas tanto para o governo do estado como para a prefeitura da capital.<\/p>\n<p>&nbsp;<\/p>\n<p><strong>Fonte:\u00a0<\/strong>Ag\u00eancia Brasil<\/p>\n","protected":false},"excerpt":{"rendered":"<p>O Minist\u00e9rio P\u00fablico do Estado do Rio de Janeiro (MPRJ), por meio da For\u00e7a Tarefa de Enfrentamento \u00e0 Covid-19 e da 3\u00aa Promotoria de Justi\u00e7a de Tutela Coletiva da Cidadania da Capital, recomendou que o governo do estado e a prefeitura do munic\u00edpio adotem medidas mais restritivas de isolamento social, t\u00edpicas de bloqueio total ou\u00a0lockdown. [&hellip;]<\/p>\n","protected":false},"author":96,"featured_media":160247,"comment_status":"closed","ping_status":"closed","sticky":false,"template":"","format":"standard","meta":{"footnotes":""},"categories":[302,436,439],"tags":[],"class_list":["post-160246","post","type-post","status-publish","format-standard","has-post-thumbnail","hentry","category-brasil-mundo","category-destaque-da-semana","category-ultima-hora"],"_links":{"self":[{"href":"https:\/\/diarioregionaldigital.com.br\/index.php?rest_route=\/wp\/v2\/posts\/160246","targetHints":{"allow":["GET"]}}],"collection":[{"href":"https:\/\/diarioregionaldigital.com.br\/index.php?rest_route=\/wp\/v2\/posts"}],"about":[{"href":"https:\/\/diarioregionaldigital.com.br\/index.php?rest_route=\/wp\/v2\/types\/post"}],"author":[{"embeddable":true,"href":"https:\/\/diarioregionaldigital.com.br\/index.php?rest_route=\/wp\/v2\/users\/96"}],"replies":[{"embeddable":true,"href":"https:\/\/diarioregionaldigital.com.br\/index.php?rest_route=%2Fwp%2Fv2%2Fcomments&post=160246"}],"version-history":[{"count":0,"href":"https:\/\/diarioregionaldigital.com.br\/index.php?rest_route=\/wp\/v2\/posts\/160246\/revisions"}],"wp:featuredmedia":[{"embeddable":true,"href":"https:\/\/diarioregionaldigital.com.br\/index.php?rest_route=\/wp\/v2\/media\/160247"}],"wp:attachment":[{"href":"https:\/\/diarioregionaldigital.com.br\/index.php?rest_route=%2Fwp%2Fv2%2Fmedia&parent=160246"}],"wp:term":[{"taxonomy":"category","embeddable":true,"href":"https:\/\/diarioregionaldigital.com.br\/index.php?rest_route=%2Fwp%2Fv2%2Fcategories&post=160246"},{"taxonomy":"post_tag","embeddable":true,"href":"https:\/\/diarioregionaldigital.com.br\/index.php?rest_route=%2Fwp%2Fv2%2Ftags&post=160246"}],"curies":[{"name":"wp","href":"https:\/\/api.w.org\/{rel}","templated":true}]}}