{"id":160239,"date":"2020-05-14T06:00:58","date_gmt":"2020-05-14T09:00:58","guid":{"rendered":"https:\/\/diarioregionaldigital.com.br\/?p=160239"},"modified":"2020-05-19T16:53:45","modified_gmt":"2020-05-19T19:53:45","slug":"prefeitura-municipal-de-tocantins-processo-no040-14-05-2020","status":"publish","type":"post","link":"https:\/\/diarioregionaldigital.com.br\/?p=160239","title":{"rendered":"Prefeitura Municipal de Tocantins &#8211; Licita\u00e7\u00e3o n\u00ba024 &#8211; 14\/05\/2020"},"content":{"rendered":"<p style=\"text-align: center;\"><strong>AVISO DE LICITA\u00c7\u00c3O<\/strong><\/p>\n<p style=\"text-align: center;\"><strong>Licita\u00e7\u00e3o n\u00b0 024\/2020<\/strong><\/p>\n<p style=\"text-align: center;\"><strong>Modalidade de Preg\u00e3o Presencial n\u00b0 016\/2020<\/strong><\/p>\n<p style=\"text-align: center;\">O Munic\u00edpio de TOCANTINS\/MG, na forma da lei, faz saber a todos os interessados que far\u00e1 licita\u00e7\u00e3o \u00a0<strong>\u00a0NA MODALIDADE PREG\u00c3O PRESENCIAL POR REGISTRO DE PRE\u00c7O<\/strong>\u00a0\u00a0sendo menor PRE\u00c7O POR ITEM \u00a0para contrata\u00e7\u00e3o de empresa especializada PARA FUTURAS E EVENTUAIS CONTRATA\u00c7\u00d5ES DE SERVI\u00c7OS E AQUISI\u00c7\u00d5ES DE PE\u00c7AS, COMPONENTES E ACESS\u00d3RIOS ORIGINAIS DE REPOSI\u00c7\u00c3O DE PRIMEIRA LINHA DOS FABRICANTES DE M\u00c1QUINAS PESADAS, COM O MENOR PRE\u00c7O UNIT\u00c1RIO, OBTIDO ATRAV\u00c9S DO MAIOR DESCONTO SOBRE A TABELA DAS MONTADORAS, QUE SER\u00c3O SER\u00c3O UTILIZADOS NA MANUTEN\u00c7\u00c3O E CONSERVA\u00c7\u00c3O DA FROTA MUNICIPAL, \u00a0CONFORME SOLICITA\u00c7\u00c3O DA SECRETARIA DE OBRAS DO MUNIC\u00cdPIO EM CONJUNTO COM DEPARTAMENTO DE TRANSPORTES\u00a0 DO MUNIC\u00cdPIO DE TOCANTINS\/MG. No dia 26\/05\/2020 \u00e0s 08:00 horas na sala da comiss\u00e3o de licita\u00e7\u00e3o, localizada na Av. Padre Mac\u00e1rio, n\u00b0 129, bairro Centro, munic\u00edpio de TOCANTINS\/MG. O edital completo encontra-se a disposi\u00e7\u00e3o dos interessados no endere\u00e7o citado anteriormente, no hor\u00e1rio de expediente de 07:00 as 11:00 horas e ou no endere\u00e7o eletr\u00f4nico\u00a0<a href=\"http:\/\/tocantins.mg.gov.br\/\">http:\/\/tocantins.mg.gov.br\/<\/a>.\u00a0 TOCANTINS, 13 de maio de 2020.<\/p>\n<p>&nbsp;<\/p>\n<p>&nbsp;<\/p>\n<p>________________________________________<\/p>\n<p><strong>LUIZ FERNANDO BARBOSA DA SILVA<\/strong><\/p>\n<p><strong>PREGOEIRO<\/strong><\/p>\n","protected":false},"excerpt":{"rendered":"<p>AVISO DE LICITA\u00c7\u00c3O Licita\u00e7\u00e3o n\u00b0 024\/2020 Modalidade de Preg\u00e3o Presencial n\u00b0 016\/2020 O Munic\u00edpio de TOCANTINS\/MG, na forma da lei, faz saber a todos os interessados que far\u00e1 licita\u00e7\u00e3o \u00a0\u00a0NA MODALIDADE PREG\u00c3O PRESENCIAL POR REGISTRO DE PRE\u00c7O\u00a0\u00a0sendo menor PRE\u00c7O POR ITEM \u00a0para contrata\u00e7\u00e3o de empresa especializada PARA FUTURAS E EVENTUAIS CONTRATA\u00c7\u00d5ES DE SERVI\u00c7OS E AQUISI\u00c7\u00d5ES [&hellip;]<\/p>\n","protected":false},"author":96,"featured_media":0,"comment_status":"closed","ping_status":"closed","sticky":false,"template":"","format":"standard","meta":{"footnotes":""},"categories":[307],"tags":[],"class_list":["post-160239","post","type-post","status-publish","format-standard","hentry","category-editais"],"_links":{"self":[{"href":"https:\/\/diarioregionaldigital.com.br\/index.php?rest_route=\/wp\/v2\/posts\/160239","targetHints":{"allow":["GET"]}}],"collection":[{"href":"https:\/\/diarioregionaldigital.com.br\/index.php?rest_route=\/wp\/v2\/posts"}],"about":[{"href":"https:\/\/diarioregionaldigital.com.br\/index.php?rest_route=\/wp\/v2\/types\/post"}],"author":[{"embeddable":true,"href":"https:\/\/diarioregionaldigital.com.br\/index.php?rest_route=\/wp\/v2\/users\/96"}],"replies":[{"embeddable":true,"href":"https:\/\/diarioregionaldigital.com.br\/index.php?rest_route=%2Fwp%2Fv2%2Fcomments&post=160239"}],"version-history":[{"count":0,"href":"https:\/\/diarioregionaldigital.com.br\/index.php?rest_route=\/wp\/v2\/posts\/160239\/revisions"}],"wp:attachment":[{"href":"https:\/\/diarioregionaldigital.com.br\/index.php?rest_route=%2Fwp%2Fv2%2Fmedia&parent=160239"}],"wp:term":[{"taxonomy":"category","embeddable":true,"href":"https:\/\/diarioregionaldigital.com.br\/index.php?rest_route=%2Fwp%2Fv2%2Fcategories&post=160239"},{"taxonomy":"post_tag","embeddable":true,"href":"https:\/\/diarioregionaldigital.com.br\/index.php?rest_route=%2Fwp%2Fv2%2Ftags&post=160239"}],"curies":[{"name":"wp","href":"https:\/\/api.w.org\/{rel}","templated":true}]}}