{"id":160233,"date":"2020-05-13T20:11:56","date_gmt":"2020-05-13T23:11:56","guid":{"rendered":"https:\/\/diarioregionaldigital.com.br\/?p=160233"},"modified":"2020-05-13T20:11:56","modified_gmt":"2020-05-13T23:11:56","slug":"pesquisa-avalia-a-saude-mental-no-contexto-pandemico","status":"publish","type":"post","link":"https:\/\/diarioregionaldigital.com.br\/?p=160233","title":{"rendered":"Pesquisa avalia a sa\u00fade mental no contexto pand\u00eamico"},"content":{"rendered":"<p>O N\u00facleo Interdisciplinar de Investiga\u00e7\u00e3o em Psicossom\u00e1tica, Sa\u00fade e Organiza\u00e7\u00f5es (NUIPSO) do Departamento de Psicologia da Universidade Federal de Juiz de Fora (UFJF) est\u00e1 realizando uma pesquisa, em forma de question\u00e1rio online, com o objetivo de avaliar a sa\u00fade mental de brasileiros durante o per\u00edodo de isolamento social ocasionado pela pandemia do Covid-19.<\/p>\n<p>O question\u00e1rio, que obteve parecer favor\u00e1vel da Comiss\u00e3o Nacional de \u00c9tica em Pesquisa, \u00e9 de responsabilidade das pesquisadoras Fabiane Rossi dos Santos (Departamento de Psicologia da UFJF), Laisa Marcorela Andreoli (Departamento de Psicologia da UFJF) e Priscilla Aparecida de Aquino (Servi\u00e7o de Psicologia do HU da UFJF).<\/p>\n<p>A pesquisa segue a hip\u00f3tese de que, diante da pandemia e suas consequ\u00eancias na sociedade, existe um aumento dos sintomas de ansiedade, depress\u00e3o, transtorno de estresse p\u00f3s-traum\u00e1tico e do uso de subst\u00e2ncias, principalmente em profissionais de sa\u00fade, grupos de risco e aqueles com testagem positiva para o Covid-19. Seus objetivos s\u00e3o, basicamente, avaliar a sa\u00fade mental no contexto pand\u00eamico no Brasil, al\u00e9m de levantar dados e analisar os principais comportamentos apresentados por determinados grupos.<\/p>\n<p>De acordo com a pesquisadora respons\u00e1vel, Fabiane, \u201c\u00e9 fundamental que tenhamos dados sobre a sa\u00fade mental da popula\u00e7\u00e3o brasileira durante a pandemia, pois trata-se de uma experi\u00eancia \u00fanica que sem d\u00favidas ir\u00e1 repercutir em nossa forma de enfrentar as adversidades. O confinamento pode ser uma experi\u00eancia muito significativa para o desenvolvimento de estrat\u00e9gias de enfrentamento e resili\u00eancia diante deste grande desafio que estamos vivenciando.\u201d<\/p>\n<p>&nbsp;<\/p>\n<p><strong>Fonte:<\/strong>\u00a0Assessoria<\/p>\n","protected":false},"excerpt":{"rendered":"<p>O N\u00facleo Interdisciplinar de Investiga\u00e7\u00e3o em Psicossom\u00e1tica, Sa\u00fade e Organiza\u00e7\u00f5es (NUIPSO) do Departamento de Psicologia da Universidade Federal de Juiz de Fora (UFJF) est\u00e1 realizando uma pesquisa, em forma de question\u00e1rio online, com o objetivo de avaliar a sa\u00fade mental de brasileiros durante o per\u00edodo de isolamento social ocasionado pela pandemia do Covid-19. O question\u00e1rio, [&hellip;]<\/p>\n","protected":false},"author":96,"featured_media":160234,"comment_status":"closed","ping_status":"closed","sticky":false,"template":"","format":"standard","meta":{"footnotes":""},"categories":[253,436,440,439],"tags":[],"class_list":["post-160233","post","type-post","status-publish","format-standard","has-post-thumbnail","hentry","category-cidade","category-destaque-da-semana","category-destaques-do-dia","category-ultima-hora"],"_links":{"self":[{"href":"https:\/\/diarioregionaldigital.com.br\/index.php?rest_route=\/wp\/v2\/posts\/160233","targetHints":{"allow":["GET"]}}],"collection":[{"href":"https:\/\/diarioregionaldigital.com.br\/index.php?rest_route=\/wp\/v2\/posts"}],"about":[{"href":"https:\/\/diarioregionaldigital.com.br\/index.php?rest_route=\/wp\/v2\/types\/post"}],"author":[{"embeddable":true,"href":"https:\/\/diarioregionaldigital.com.br\/index.php?rest_route=\/wp\/v2\/users\/96"}],"replies":[{"embeddable":true,"href":"https:\/\/diarioregionaldigital.com.br\/index.php?rest_route=%2Fwp%2Fv2%2Fcomments&post=160233"}],"version-history":[{"count":0,"href":"https:\/\/diarioregionaldigital.com.br\/index.php?rest_route=\/wp\/v2\/posts\/160233\/revisions"}],"wp:featuredmedia":[{"embeddable":true,"href":"https:\/\/diarioregionaldigital.com.br\/index.php?rest_route=\/wp\/v2\/media\/160234"}],"wp:attachment":[{"href":"https:\/\/diarioregionaldigital.com.br\/index.php?rest_route=%2Fwp%2Fv2%2Fmedia&parent=160233"}],"wp:term":[{"taxonomy":"category","embeddable":true,"href":"https:\/\/diarioregionaldigital.com.br\/index.php?rest_route=%2Fwp%2Fv2%2Fcategories&post=160233"},{"taxonomy":"post_tag","embeddable":true,"href":"https:\/\/diarioregionaldigital.com.br\/index.php?rest_route=%2Fwp%2Fv2%2Ftags&post=160233"}],"curies":[{"name":"wp","href":"https:\/\/api.w.org\/{rel}","templated":true}]}}