{"id":160230,"date":"2020-05-13T20:10:35","date_gmt":"2020-05-13T23:10:35","guid":{"rendered":"https:\/\/diarioregionaldigital.com.br\/?p=160230"},"modified":"2020-05-13T20:10:35","modified_gmt":"2020-05-13T23:10:35","slug":"onca-capturada-no-jardim-botanico-esta-viva-cacando-e-ja-pode-ter-cruzado-indica-professor","status":"publish","type":"post","link":"https:\/\/diarioregionaldigital.com.br\/?p=160230","title":{"rendered":"On\u00e7a capturada no Jardim Bot\u00e2nico est\u00e1 viva, ca\u00e7ando e j\u00e1 pode ter cruzado, indica professor"},"content":{"rendered":"<p>H\u00e1 exatamente um ano, a on\u00e7a-pintada que circulava em Juiz de Fora era capturada no Jardim Bot\u00e2nico da Universidade Federal de Juiz de Fora (UFJF). Na \u00faltima segunda-feira (11), foi encontrado o colar do animal junto a restos de um tamandu\u00e1-mirim, muito provavelmente ca\u00e7ado pelo felino. \u201cEstamos felizes por saber que h\u00e1 indicativos suficientemente fortes de que o animal est\u00e1 vivo e que esta hist\u00f3ria tem um desfecho de sucesso\u201d, comemora o professor da UFJF Artur Andriolo.<\/p>\n<p>Colocado no animal quando foi capturado, o colar estava programado para ser aberto automaticamente em cerca de um ano \u2013 que \u00e9 o tempo estimado da bateria do dispositivo chamado drop-off. \u201cQuando sua carga \u00e9 esvaziada, esse aparato faz com o que o colar se abra. O drop off se alimenta de bateria independente da que abastecia o sistema de GPS, tamb\u00e9m presente no colar, que havia parado de emitir sinais de localiza\u00e7\u00e3o\u201d, explica o professor Fernando Azevedo, da Universidade Federal de S\u00e3o Jo\u00e3o del-Rei (UFSJ), participante da captura da on\u00e7a-pintada e coordenador de projetos sobre felinos.<\/p>\n<p>H\u00e1 pelo menos tr\u00eas indicadores que relacionam as fotos \u00e0 on\u00e7a-pintada de Juiz de Fora. Somente ela usava um colar com o compartimento branco para GPS. As outras tr\u00eas on\u00e7as do local possu\u00edam coleira na cor preta. A carca\u00e7a do tamandu\u00e1 foi encontrada a cerca de sete quil\u00f4metros de onde a on\u00e7a foi introduzida, em 2019, apontando para um territ\u00f3rio de uso do animal. \u201cPelos vest\u00edgios e manchas de sangue fresco da ca\u00e7a, foi poss\u00edvel estimar tamb\u00e9m que ela esteve no local se alimentando havia cerca de 12 horas\u201d, afirma Azevedo.<\/p>\n<p>\u201cEsses s\u00e3o sinais fortes de que ela est\u00e1 bem, est\u00e1 ca\u00e7ando e estabeleceu territ\u00f3rio na \u00e1rea onde foi solta. Muito provavelmente pode ter cruzado com alguma f\u00eamea \u2013 h\u00e1 duas no local -, considerando o tempo em que est\u00e1 no territ\u00f3rio. S\u00f3 h\u00e1 outro macho na \u00e1rea e aparentemente cada um estabeleceu seu espa\u00e7o\u201d, comemora Azevedo. O local ainda est\u00e1 sendo monitorado por c\u00e2meras instaladas pela equipe do pesquisador em mar\u00e7o de 2020. Os registros ainda ser\u00e3o verificados.<\/p>\n<p>Conforme o professor esse \u00e9 o primeiro caso de sucesso de transloca\u00e7\u00e3o de uma on\u00e7a-pintada em regi\u00e3o de Mata Atl\u00e2ntica. \u201cH\u00e1 muitos anos uma on\u00e7a desse bioma foi levada para o Pantanal. Mas entre \u00e1reas de Mata Atl\u00e2ntica \u00e9 o primeiro registro documentado de que tenho not\u00edcia.\u201d<\/p>\n<p>O professor Artur Andriolo destaca que o desfecho deste caso valida as discuss\u00f5es e medidas estrat\u00e9gicas, tomadas com embasamento t\u00e9cnico e apoio de profissionais de sete institui\u00e7\u00f5es p\u00fablicas, enquanto o felino circulava, sob risco, em \u00e1reas urbanas de Juiz de Fora e na Mata do Krambeck, onde fica o Jardim Bot\u00e2nico. Ainda segundo o professor, esses sinais de vida da on\u00e7a-pintada corroboram as decis\u00f5es de preservar a vida do animal, captur\u00e1-lo e lev\u00e1-lo para \u00e1rea natural mais ampla, em vez de cativeiro ou outro ambiente. \u201cEssa resolu\u00e7\u00e3o refor\u00e7a tamb\u00e9m a esperan\u00e7a de conserva\u00e7\u00e3o da esp\u00e9cie\u201d, ressalta.<\/p>\n<p>A sobreviv\u00eancia do animal e a seguran\u00e7a de moradores de bairros do entorno do Jardim Bot\u00e2nico e de poss\u00edvel circula\u00e7\u00e3o do felino eram algumas das preocupa\u00e7\u00f5es da pr\u00f3-reitora de Extens\u00e3o da UFJF, Ana L\u00edvia Coimbra, tamb\u00e9m atuante no per\u00edodo de captura do felino. \u201cPara chegarmos a essa resolu\u00e7\u00e3o, foi realizado trabalho conjunto que envolveu institui\u00e7\u00f5es e representantes da comunidade, com repercuss\u00e3o em trabalhos escolares sobre educa\u00e7\u00e3o ambiental.\u201d Al\u00e9m da UFJF e da UFSJ, atuaram nesse processo o Instituto Estadual de Florestas (IEF), o Centro Nacional de Pesquisa e Conserva\u00e7\u00e3o de Mam\u00edferos Carn\u00edvoros (Cenap\/ICMBio), o Campo de Instru\u00e7\u00f5es do Ex\u00e9rcito Brasileiro em Juiz de Fora, o Corpo de Bombeiros, o Ibama, a Pol\u00edcia Militar, incluindo a de Meio Ambiente, e a Prefeitura de Juiz de Fora. \u201cNesse tempo atual de tantas not\u00edcias tristes, sabermos que a on\u00e7a est\u00e1 bem nos deixa muito felizes\u201d, completa Ana L\u00edvia.<\/p>\n<p>O sentimento \u00e9 compartilhado tamb\u00e9m pelo diretor do Jardim Bot\u00e2nico, Gustavo Soldati, para quem o processo simboliza um aporte conjunto de conhecimento t\u00e9cnico da universidade e de institui\u00e7\u00f5es p\u00fablicas parceiras. \u201cEm tempos de acirramento da crise ambiental, o caso da on\u00e7a-pintada foi oportuno para trazer \u00e0 tona, com mais intensidade, diversas tem\u00e1ticas, como a conserva\u00e7\u00e3o das florestas para abrigo da fauna, trabalhadas em atividades de educa\u00e7\u00e3o ambiental no Jardim.\u201d<\/p>\n<p><strong>Hist\u00f3rico<\/strong><\/p>\n<p>Uma on\u00e7a-pintada foi registrada, em v\u00eddeo, no Jardim Bot\u00e2nico na noite do dia 25 de abril de 2019, por um dos vigilantes do local. Desde ent\u00e3o at\u00e9 a noite de 12 de maio, a UFJF e mais seis\u00a0 \u00f3rg\u00e3os ambientais e de seguran\u00e7a locais, estaduais e nacional mobilizaram-se em torno do caso. O felino foi ainda filmado em frente a um hotel, na Avenida Brasil, em ruas de bairros da Zona Norte e em mais localidades. Para evitar riscos de atropelamento e outros acidentes com a popula\u00e7\u00e3o e animais dom\u00e9sticos e para ofertar condi\u00e7\u00f5es apropriadas para o felino, a on\u00e7a foi capturada e introduzida em \u00e1rea florestal mais ampla, em Minas Gerais.<\/p>\n<p>O animal recebeu um colar equipado com GPS, com transmiss\u00e3o via sat\u00e9lite, para monitoramento. O uso de colar \u00e9 a op\u00e7\u00e3o mais amplamente utilizada em animais silvestres de vida livre, como o caso da on\u00e7a-pintada. N\u00e3o \u00e9 recomendado o uso de chip, empregado geralmente em esp\u00e9cies em cativeiro ou zool\u00f3gico para cadastro, mas n\u00e3o para monitoramento. A leitura tamb\u00e9m exige proximidade do animal. O GPS parou de emitir sinais. Uma das causas \u00e9 o desgaste da bateria. \u201cTrabalhamos com o melhor equipamento, o colar possui uma tecnologia muito refinada. Ele tenta mandar sinal a cada 12 horas para o sat\u00e9lite. Quando n\u00e3o consegue, ele retoma essa tentativa de conex\u00e3o. O que pode ter acontecido \u00e9 ter esgotado a bateria de tanto que buscou conex\u00e3o e n\u00e3o conseguiu. A\u00ed ela se esgota precocemente\u201d, afirmara, em 2019, o analista Rog\u00e9rio Cunha, coordenador substituto do Cenap\/ICMBio.<\/p>\n<p>Uma busca em terra por sinais UHF do colar tamb\u00e9m foi realizada, em dezembro de 2019, pelo professor da UFSJ Fernando Azevedo. O pesquisador percorreu os \u00faltimos trechos de movimenta\u00e7\u00e3o da on\u00e7a, indicados pelo mapeamento. \u201c\u00c9 uma \u00e1rea de acesso muito dif\u00edcil, montanhosa, com muitas grotas [cavidades provocadas por \u00e1guas pluviais em morros, serras] e locas [esconderijos] no meio da mata. Pretendemos fazer nova etapa de coleta de dados, neste ano, caso as verbas que estamos pleiteando sejam disponibilizadas.\u201d Por fim, em maio de 2020, o colar do animal foi encontrado em \u00e1rea pr\u00f3xima do local de mapeamento junto ao restos de ca\u00e7a de um tamandu\u00e1-mirim, muito provavelmente abatido pelo felino.<\/p>\n<p>&nbsp;<\/p>\n<p><strong>Fonte:\u00a0<\/strong>Assessoria<\/p>\n","protected":false},"excerpt":{"rendered":"<p>H\u00e1 exatamente um ano, a on\u00e7a-pintada que circulava em Juiz de Fora era capturada no Jardim Bot\u00e2nico da Universidade Federal de Juiz de Fora (UFJF). Na \u00faltima segunda-feira (11), foi encontrado o colar do animal junto a restos de um tamandu\u00e1-mirim, muito provavelmente ca\u00e7ado pelo felino. \u201cEstamos felizes por saber que h\u00e1 indicativos suficientemente fortes [&hellip;]<\/p>\n","protected":false},"author":96,"featured_media":160231,"comment_status":"closed","ping_status":"closed","sticky":false,"template":"","format":"standard","meta":{"footnotes":""},"categories":[253,436,439],"tags":[],"class_list":["post-160230","post","type-post","status-publish","format-standard","has-post-thumbnail","hentry","category-cidade","category-destaque-da-semana","category-ultima-hora"],"_links":{"self":[{"href":"https:\/\/diarioregionaldigital.com.br\/index.php?rest_route=\/wp\/v2\/posts\/160230","targetHints":{"allow":["GET"]}}],"collection":[{"href":"https:\/\/diarioregionaldigital.com.br\/index.php?rest_route=\/wp\/v2\/posts"}],"about":[{"href":"https:\/\/diarioregionaldigital.com.br\/index.php?rest_route=\/wp\/v2\/types\/post"}],"author":[{"embeddable":true,"href":"https:\/\/diarioregionaldigital.com.br\/index.php?rest_route=\/wp\/v2\/users\/96"}],"replies":[{"embeddable":true,"href":"https:\/\/diarioregionaldigital.com.br\/index.php?rest_route=%2Fwp%2Fv2%2Fcomments&post=160230"}],"version-history":[{"count":0,"href":"https:\/\/diarioregionaldigital.com.br\/index.php?rest_route=\/wp\/v2\/posts\/160230\/revisions"}],"wp:featuredmedia":[{"embeddable":true,"href":"https:\/\/diarioregionaldigital.com.br\/index.php?rest_route=\/wp\/v2\/media\/160231"}],"wp:attachment":[{"href":"https:\/\/diarioregionaldigital.com.br\/index.php?rest_route=%2Fwp%2Fv2%2Fmedia&parent=160230"}],"wp:term":[{"taxonomy":"category","embeddable":true,"href":"https:\/\/diarioregionaldigital.com.br\/index.php?rest_route=%2Fwp%2Fv2%2Fcategories&post=160230"},{"taxonomy":"post_tag","embeddable":true,"href":"https:\/\/diarioregionaldigital.com.br\/index.php?rest_route=%2Fwp%2Fv2%2Ftags&post=160230"}],"curies":[{"name":"wp","href":"https:\/\/api.w.org\/{rel}","templated":true}]}}