{"id":160227,"date":"2020-05-13T20:09:12","date_gmt":"2020-05-13T23:09:12","guid":{"rendered":"https:\/\/diarioregionaldigital.com.br\/?p=160227"},"modified":"2020-05-13T20:09:12","modified_gmt":"2020-05-13T23:09:12","slug":"museus-participam-da-museumweek-com-conteudo-especial-para-as-redes-sociais","status":"publish","type":"post","link":"https:\/\/diarioregionaldigital.com.br\/?p=160227","title":{"rendered":"Museus participam da MuseumWeek com conte\u00fado especial para as redes sociais"},"content":{"rendered":"<p>Os museus vinculados \u00e0 Pr\u00f3-reitoria de Cultura (Procult) da Universidade Federal de Juiz de Fora (UFJF) est\u00e3o participando da MuseumWeek 2020, um festival internacional apoiado pela Unesco e dedicado \u00e0s institui\u00e7\u00f5es nas m\u00eddias sociais. Apostando no \u201cpoder especial que a cultura, a arte e as institui\u00e7\u00f5es que as apoiam t\u00eam de nos unir\u201d, a s\u00e9tima edi\u00e7\u00e3o tem o tema geral #TogerthenessMW (uni\u00e3o) e busca prestar apoio \u00e0s popula\u00e7\u00f5es em confinamento e a todos os que est\u00e3o lutando contra a pandemia. At\u00e9 o pr\u00f3ximo domingo (17), os museus participantes integrar\u00e3o essa rede, produzindo conte\u00fado digital no formato \u201c7 dias, 7 temas, 7 hashtags\u201d para plataformas como Instagram e Facebook.<\/p>\n<p>Desafiados a desenvolver postagens com temas di\u00e1rios, que v\u00e3o de #Her\u00f3is a #Clima e #Sonhos, Museu de Arte Murilo Mendes (Mamm), Memorial da Rep\u00fablica Presidente Itamar Franco, Museu de Arqueologia e Etnologia Americana (MAEA) e Forum da Cultura (Museu da Cultura Popular) encontraram na proposta da MuseumWeek possibilidades de se conectarem mais com seus p\u00fablicos.<\/p>\n<p>Para o Memorial, a participa\u00e7\u00e3o \u00e9 importante principalmente \u201cpela forma como a MuseumWeek provoca os museus a se reinventarem no ambiente virtual. A tecnologia, as redes sociais, tudo isso \u00e9 um caminho sem volta e o museu precisa estar onde seu p\u00fablico est\u00e1\u201d, afirma Tarc\u00edsio Greggio, t\u00e9cnico administrativo do Memorial. Outro motivo, segundo ele, \u00e9 a \u201coportunidade para n\u00e3o perder de vista o trabalho constante de reflex\u00e3o sobre a fun\u00e7\u00e3o e as possibilidades de um museu na sociedade e no contexto em que ele est\u00e1 inserido. Nesse particular, as hashtags escolhidas para a MW2020 n\u00e3o poderiam ser mais oportunas\u201d.<\/p>\n<p>O Memorial preparou uma programa\u00e7\u00e3o especial, totalmente digital, com podcast, v\u00eddeo para o IGTV, divulga\u00e7\u00e3o do acervo e lembran\u00e7as de eventos e exposi\u00e7\u00f5es j\u00e1 realizadas, a\u00e7\u00f5es que s\u00e3o fruto do trabalho da equipe que est\u00e1 em home office. Para o dia 16, por exemplo, cuja hashtag \u00e9 #TecnologiaMW, o Memorial vai lan\u00e7ar o segundo epis\u00f3dio do Memorial Podcast, um programa dispon\u00edvel no Spotify que busca debater quest\u00f5es pertinentes \u00e0 hist\u00f3ria pol\u00edtica brasileira, tratando sempre temas que v\u00e3o al\u00e9m das narrativas oficiais que se consolidaram na historiografia nacional.<\/p>\n<p>J\u00e1 no dia 17, com a hashtag #SonhosMW, o Memorial vai dedicar um post \u00e0 \u201cElei\u00e7\u00e3ozinha\u201d. Desenvolvida pelo Educativo do Memorial, a \u201cElei\u00e7\u00e3ozinha\u201d j\u00e1 se tornou tradi\u00e7\u00e3o nas col\u00f4nias de f\u00e9rias do espa\u00e7o. \u201cDurante a atividade, as crian\u00e7as criam um partido pol\u00edtico, um programa de governo e lan\u00e7am suas candidaturas entre os colegas \u2013 com direito a urna e faixa presidencial. E, acredite, a pol\u00edtica para elas \u00e9 sempre um lugar de fraternidade, igualdade, e justi\u00e7a social\u201d, ressalta Tarc\u00edsio.<\/p>\n<p><strong>Divisor<\/strong><\/p>\n<p>\u201cA MuseumWeek pode se tornar um divisor de \u00e1guas entre a arte pr\u00e9 e p\u00f3s-pandemia, notadamente pelo seu car\u00e1ter de conex\u00e3o global\u201d, prev\u00ea o diretor do Forum da Cultura, Fl\u00e1vio Lins. Segundo ele, participar disso neste momento \u00e9 uma forma de prestar apoio a todos aqueles que est\u00e3o confinados em diferentes partes do globo. \u201c\u00c9 hora de confirmar o poder da cultura, das artes, de acesso aos acervos e de divulga\u00e7\u00e3o do patrim\u00f4nio como chance de aprendizado e tamb\u00e9m de entretenimento\u201d, afirma Lins. Em sua opini\u00e3o, as hashtags colaboram para que esse movimento facilite o acesso a manifesta\u00e7\u00f5es culturais extremamente distintas, muitas delas pouco conhecidas, promovendo o di\u00e1logo intercultural e a diversidade.<\/p>\n<p>Segundo o diretor, a MuseumWek \u00e9 tamb\u00e9m uma oportunidade de criar la\u00e7os entre pessoas, institui\u00e7\u00f5es e arte, al\u00e9m de prestigiar os profissionais que est\u00e3o na linha de frente do enfrentamento da pandemia. No primeiro dia da semana, 11 (#Her\u00f3isMW), o Forum homenageou os enfermeiros com uma postagem sobre as primeiras turmas formadas pela pioneira Escola de Enfermagem Hermantina Beraldo, instalada em 1947 e que \u00e9 parte das origens do Curso de Enfermagem da UFJF. \u201cEm um per\u00edodo no qual sa\u00fade e economia s\u00e3o a t\u00f4nica do discurso global, a participa\u00e7\u00e3o e a uni\u00e3o da comunidade cultural internacional neste cen\u00e1rio podem gerar momentos de felicidade, de amplia\u00e7\u00e3o do conhecimento e de reconfigura\u00e7\u00e3o pessoal e profissional, atuando como semente para o surgimento de novas produ\u00e7\u00f5es e talentos num futuro pr\u00f3ximo\u201d, afirma Fl\u00e1vio.<\/p>\n<p><strong>Espa\u00e7o social<\/strong><\/p>\n<p>O MAEA abriu a MuseumWeek com uma homenagem aos povos ind\u00edgenas, por sua resist\u00eancia heroica a v\u00e1rias a\u00e7\u00f5es de exterm\u00ednio ao longo da hist\u00f3ria do pa\u00eds. \u201c\u00c9 importante dar continuidade \u00e0s a\u00e7\u00f5es de pesquisa, educa\u00e7\u00e3o e cultura numa perspectiva adaptativa e adequada \u00e0s circunst\u00e2ncias, sendo fiel \u00e0 miss\u00e3o de Museu Universit\u00e1rio\u201d, ressalta a diretora e pesquisadora do MAEA, Luciane Monteiro.<\/p>\n<p>\u201cOs museus, enquanto espa\u00e7o social, oferecem atividades multiversas, desde visita guiada virtual, a\u00e7\u00f5es educativas, comunicativas e est\u00edmulo \u00e0 investiga\u00e7\u00e3o de assuntos que permitam o fazer cient\u00edfico. Os temas est\u00e3o na ordem das discuss\u00f5es atuais nesse momento espec\u00edfico e o MAEA est\u00e1 dialogando com aspectos que permeiam o seu cotidiano no \u00e2mbito das pesquisas desenvolvidas ao longo de tr\u00eas d\u00e9cadas de exist\u00eancia\u201d, acrescenta.<\/p>\n<p><strong>Homenagens<\/strong><\/p>\n<p>A participa\u00e7\u00e3o na MuseumWeek n\u00e3o \u00e9 novidade para o Mamm: em 2019, o evento coincidiu com a 17\u00aa Semana Nacional do Instituto Brasileiro de Museus (Ibram) e a programa\u00e7\u00e3o em Juiz de Fora foi ajustada para se alinhar \u00e0s propostas de temas das hashtags. Em 2020, o Mamm preparou v\u00e1rias postagens, come\u00e7ando com uma homenagem aos profissionais #Her\u00f3isMW que continuam a trabalhar nesse momento para garantir a seguran\u00e7a, limpeza e manuten\u00e7\u00e3o do museu.<\/p>\n<p>Nessa quarta-feira (13), com a #JuntosMW, foi postado um v\u00eddeo feito pelas pesquisadoras Leila Barbosa e Marisa Timponi, em parceria com a LeiaJF e o Mamm, homenageando Murilo Mendes pela data de seu anivers\u00e1rio. Na quinta, 14, ser\u00e3o publicadas imagens de participa\u00e7\u00e3o do p\u00fablico em eventos e exposi\u00e7\u00f5es. Para o s\u00e1bado, 16, dia da tag #TecnologiaMW, o Educativo do Mammm elaborou uma atividade que disponibiliza um filtro para ser usado pelos usu\u00e1rios do Instagram e Facebook, remetendo ao retrato de Murilo Mendes pintado por Guignard, obra que completa 90 anos em 2020.<\/p>\n<p>Na opini\u00e3o do diretor Ricardo Cristofaro, a MuseumWeek \u00e9 uma iniciativa que, ao conectar os mais diversos museus do mundo e o p\u00fablico em geral, proporciona uma oportunidade \u00edmpar de divulga\u00e7\u00e3o do trabalho realizado pelas institui\u00e7\u00f5es, al\u00e9m de provocar uma necess\u00e1ria e urgente reflex\u00e3o sobre novas formas de di\u00e1logo e intera\u00e7\u00e3o com o p\u00fablico.<\/p>\n<p>Al\u00e9m de seus \u00f3rg\u00e3os executores museus, a pr\u00f3pria Procult est\u00e1 participando da MuseumWeek com postagens no Instagram e no Facebook relacionadas \u00e0s hashtags propostas pelo evento, abordando a\u00e7\u00f5es e quest\u00f5es que tamb\u00e9m fazem refer\u00eancia a a\u00e7\u00f5es museais.<\/p>\n<p>&nbsp;<\/p>\n<p><strong>Fonte:\u00a0<\/strong>Assessoria<\/p>\n","protected":false},"excerpt":{"rendered":"<p>Os museus vinculados \u00e0 Pr\u00f3-reitoria de Cultura (Procult) da Universidade Federal de Juiz de Fora (UFJF) est\u00e3o participando da MuseumWeek 2020, um festival internacional apoiado pela Unesco e dedicado \u00e0s institui\u00e7\u00f5es nas m\u00eddias sociais. Apostando no \u201cpoder especial que a cultura, a arte e as institui\u00e7\u00f5es que as apoiam t\u00eam de nos unir\u201d, a s\u00e9tima [&hellip;]<\/p>\n","protected":false},"author":96,"featured_media":160228,"comment_status":"closed","ping_status":"closed","sticky":false,"template":"","format":"standard","meta":{"footnotes":""},"categories":[253,436,439],"tags":[],"class_list":["post-160227","post","type-post","status-publish","format-standard","has-post-thumbnail","hentry","category-cidade","category-destaque-da-semana","category-ultima-hora"],"_links":{"self":[{"href":"https:\/\/diarioregionaldigital.com.br\/index.php?rest_route=\/wp\/v2\/posts\/160227","targetHints":{"allow":["GET"]}}],"collection":[{"href":"https:\/\/diarioregionaldigital.com.br\/index.php?rest_route=\/wp\/v2\/posts"}],"about":[{"href":"https:\/\/diarioregionaldigital.com.br\/index.php?rest_route=\/wp\/v2\/types\/post"}],"author":[{"embeddable":true,"href":"https:\/\/diarioregionaldigital.com.br\/index.php?rest_route=\/wp\/v2\/users\/96"}],"replies":[{"embeddable":true,"href":"https:\/\/diarioregionaldigital.com.br\/index.php?rest_route=%2Fwp%2Fv2%2Fcomments&post=160227"}],"version-history":[{"count":0,"href":"https:\/\/diarioregionaldigital.com.br\/index.php?rest_route=\/wp\/v2\/posts\/160227\/revisions"}],"wp:featuredmedia":[{"embeddable":true,"href":"https:\/\/diarioregionaldigital.com.br\/index.php?rest_route=\/wp\/v2\/media\/160228"}],"wp:attachment":[{"href":"https:\/\/diarioregionaldigital.com.br\/index.php?rest_route=%2Fwp%2Fv2%2Fmedia&parent=160227"}],"wp:term":[{"taxonomy":"category","embeddable":true,"href":"https:\/\/diarioregionaldigital.com.br\/index.php?rest_route=%2Fwp%2Fv2%2Fcategories&post=160227"},{"taxonomy":"post_tag","embeddable":true,"href":"https:\/\/diarioregionaldigital.com.br\/index.php?rest_route=%2Fwp%2Fv2%2Ftags&post=160227"}],"curies":[{"name":"wp","href":"https:\/\/api.w.org\/{rel}","templated":true}]}}