{"id":160224,"date":"2020-05-13T20:03:48","date_gmt":"2020-05-13T23:03:48","guid":{"rendered":"https:\/\/diarioregionaldigital.com.br\/?p=160224"},"modified":"2020-05-13T20:03:48","modified_gmt":"2020-05-13T23:03:48","slug":"covid-19-brasil-tem-749-mortes-registradas-e-atinge-13-149","status":"publish","type":"post","link":"https:\/\/diarioregionaldigital.com.br\/?p=160224","title":{"rendered":"Covid-19: Brasil tem 749 mortes registradas e atinge 13.149"},"content":{"rendered":"<p>O Brasil teve 749 novas mortes registradas nas \u00faltimas 24h e chegou a 13.149. O resultado representou um aumento de 6% em rela\u00e7\u00e3o a ontem, quando foram contabilizados 12,4 mil falecimentos pela covid-19. O\u00a0balan\u00e7o di\u00e1rio foi divulgado no in\u00edcio da noite de hoje (13) pelo Minist\u00e9rio da Sa\u00fade.<\/p>\n<p>J\u00e1 os novos casos confirmaram foram 11.385, totalizando 188.974. O resultado marcou um acr\u00e9scimo de 6,4% em rela\u00e7\u00e3o a ontem, quando o n\u00famero de pessoas infectadas estava em 177.589.<\/p>\n<p>Do total de casos confirmados, 97.402 (51,4%%) est\u00e3o em acompanhamento e 78.424 (41,5%) foram recuperados. H\u00e1 ainda 2.050 mortes em investiga\u00e7\u00e3o.<\/p>\n<p>A letalidade (n\u00famero de mortes pelo n\u00famero de casos) ficou em 7% e a mortalidade (n\u00famero de casos pela popula\u00e7\u00e3o) ficou em 5,9.<\/p>\n<p>Segundo o mapa global da universidade Johns Hopkins, mais atualizado do que o mantido pela Organiza\u00e7\u00e3o Mundial da Sa\u00fade (OMS), o Brasil passou a Fran\u00e7a e ocupa\u00a0a sexta posi\u00e7\u00e3o em casos confirmados, atr\u00e1s apenas de It\u00e1lia (222,1 mil), Espanha (228 mil), Reino Unido (230,9 mil), R\u00fassia (242,2 mil) e Estados Unidos (1,38 milh\u00e3o).<\/p>\n<p>Os estados\u00a0com maior incid\u00eancia (n\u00famero de casos por 100 mil habitantes) de covid-19\u00a0s\u00e3o Amazonas (381,6), Amap\u00e1 (355,3), Roraima (232,9), Cear\u00e1 (209,8) Acre (192,1) e Pernambuco (155,9).<\/p>\n<p>S\u00e3o Paulo se mant\u00e9m como epicentro da pandemia no pa\u00eds, concentrando o maior n\u00famero de falecimentos (4.118). O estado \u00e9 seguido pelo Rio de Janeiro (2.050), Cear\u00e1 (1.389), Pernambuco (1.224) e Amazonas (1.160).<\/p>\n<p>Al\u00e9m disso, foram registradas mortes no Par\u00e1 (946), Maranh\u00e3o (444), Bahia (236), Esp\u00edrito Santo (233), Para\u00edba (157), Alagoas (164), Minas Gerais (135), Paran\u00e1 (117), Rio Grande do Sul (111), Rio Grande do Norte (105), Amap\u00e1 (94), Santa Catarina (73), Goi\u00e1s (61), Piau\u00ed (57), Acre (52), Rond\u00f4nia (50), Distrito Federal (48), Sergipe (42), Roraima (29), Tocantins (21), Mato Grosso (20) e Mato Grosso do Sul (13).<\/p>\n<p>&nbsp;<\/p>\n<p><strong>Fonte:\u00a0<\/strong>Ag\u00eancia Brasil<\/p>\n<p>&nbsp;<\/p>\n","protected":false},"excerpt":{"rendered":"<p>O Brasil teve 749 novas mortes registradas nas \u00faltimas 24h e chegou a 13.149. O resultado representou um aumento de 6% em rela\u00e7\u00e3o a ontem, quando foram contabilizados 12,4 mil falecimentos pela covid-19. O\u00a0balan\u00e7o di\u00e1rio foi divulgado no in\u00edcio da noite de hoje (13) pelo Minist\u00e9rio da Sa\u00fade. J\u00e1 os novos casos confirmaram foram 11.385, [&hellip;]<\/p>\n","protected":false},"author":96,"featured_media":160225,"comment_status":"closed","ping_status":"closed","sticky":false,"template":"","format":"standard","meta":{"footnotes":""},"categories":[302,436,440,439],"tags":[],"class_list":["post-160224","post","type-post","status-publish","format-standard","has-post-thumbnail","hentry","category-brasil-mundo","category-destaque-da-semana","category-destaques-do-dia","category-ultima-hora"],"_links":{"self":[{"href":"https:\/\/diarioregionaldigital.com.br\/index.php?rest_route=\/wp\/v2\/posts\/160224","targetHints":{"allow":["GET"]}}],"collection":[{"href":"https:\/\/diarioregionaldigital.com.br\/index.php?rest_route=\/wp\/v2\/posts"}],"about":[{"href":"https:\/\/diarioregionaldigital.com.br\/index.php?rest_route=\/wp\/v2\/types\/post"}],"author":[{"embeddable":true,"href":"https:\/\/diarioregionaldigital.com.br\/index.php?rest_route=\/wp\/v2\/users\/96"}],"replies":[{"embeddable":true,"href":"https:\/\/diarioregionaldigital.com.br\/index.php?rest_route=%2Fwp%2Fv2%2Fcomments&post=160224"}],"version-history":[{"count":0,"href":"https:\/\/diarioregionaldigital.com.br\/index.php?rest_route=\/wp\/v2\/posts\/160224\/revisions"}],"wp:featuredmedia":[{"embeddable":true,"href":"https:\/\/diarioregionaldigital.com.br\/index.php?rest_route=\/wp\/v2\/media\/160225"}],"wp:attachment":[{"href":"https:\/\/diarioregionaldigital.com.br\/index.php?rest_route=%2Fwp%2Fv2%2Fmedia&parent=160224"}],"wp:term":[{"taxonomy":"category","embeddable":true,"href":"https:\/\/diarioregionaldigital.com.br\/index.php?rest_route=%2Fwp%2Fv2%2Fcategories&post=160224"},{"taxonomy":"post_tag","embeddable":true,"href":"https:\/\/diarioregionaldigital.com.br\/index.php?rest_route=%2Fwp%2Fv2%2Ftags&post=160224"}],"curies":[{"name":"wp","href":"https:\/\/api.w.org\/{rel}","templated":true}]}}