{"id":160209,"date":"2020-05-13T17:34:16","date_gmt":"2020-05-13T20:34:16","guid":{"rendered":"https:\/\/diarioregionaldigital.com.br\/?p=160209"},"modified":"2020-05-13T17:34:16","modified_gmt":"2020-05-13T20:34:16","slug":"fifa-cancela-cerimonia-de-melhor-jogador-de-2020","status":"publish","type":"post","link":"https:\/\/diarioregionaldigital.com.br\/?p=160209","title":{"rendered":"FIFA cancela cerim\u00f4nia de melhor jogador de 2020"},"content":{"rendered":"<p>Um dia ap\u00f3s anunciar os adiamentos das Copas do Mundo Feminino Sub-17 e Sub-20, e tamb\u00e9m da Copa do Mundo de Futsal, a FIFA anunciou nessa quarta-feira (13), o cancelamento do pr\u00eamio \u201cThe Best\u201d em decorr\u00eancia da epidemia do Coronav\u00edrus. O evento que ocorre de forma anual, seria realizado no dia 21 de setembro deste ano.<\/p>\n<p>Diante disso, a FIFA ainda n\u00e3o decidiu se premiar\u00e1 os melhores jogadores, pelos seus desempenhos durante a\u00a0 temporada 2019\/2020, uma vez que os principais torneios de futebol do mundo foram paralisados ou se entregar\u00e1 os trof\u00e9us em 2021. Tradicionalmente, os premiados s\u00e3o: melhor jogador, melhor jogadora do futebol feminino, melhor t\u00e9cnico e melhor t\u00e9cnico do futebol feminino, al\u00e9m do Pr\u00eamio Puskas de gol mais bonito.<\/p>\n<p>Caso a entidade m\u00e1xima do futebol deixar a vota\u00e7\u00e3o aberta para 2021, ser\u00e1 a primeira vez em quase 30 anos que Fifa n\u00e3o premiar\u00e1 o melhor jogador do mundo. O pr\u00eamio de melhor jogador \u00e9 dado desde 1991, tendo como maior vencedor o argentino Lionel Messi, com seis premia\u00e7\u00f5es. Desde ent\u00e3o, 15 jogadores receberam a honraria;<\/p>\n<p>&nbsp;<\/p>\n<ul>\n<li>1991: Lothar Matthaus (Alemanha)<\/li>\n<li>1992: Marco Van Basten (Holanda)<\/li>\n<li>1993: Roberto Baggio (It\u00e1lia)<\/li>\n<li>1994: <strong>Rom\u00e1rio (Brasil)<\/strong><\/li>\n<li>1995: George Weah (Lib\u00e9ria)<\/li>\n<li>1996: <strong>Ronaldo (Brasil)<\/strong><\/li>\n<li>1997: <strong>Ronaldo (Brasil)<\/strong><\/li>\n<li>1998: Zinedine Zidane (Fran\u00e7a)<\/li>\n<li>1999: <strong>Rivaldo (Brasil)<\/strong><\/li>\n<li>2000: Zinedine Zidane (Fran\u00e7a)<\/li>\n<li>2001: Lu\u00eds Figo (Portugal)<\/li>\n<li>2002: <strong>Ronaldo (Brasil)<\/strong><\/li>\n<li>2003: Zinedine Zidane (Fran\u00e7a)<\/li>\n<li>2004: <strong>Ronaldinho Ga\u00facho (Brasil)<\/strong><\/li>\n<li>2005: <strong>Ronaldinho Ga\u00facho (Brasil)<\/strong><\/li>\n<li>2006: Fabio Cannavaro (It\u00e1lia)<\/li>\n<li>2007: <strong>Kak\u00e1 (Brasil)<\/strong><\/li>\n<li>2008: Cristiano Ronaldo (Portugal)<\/li>\n<li>2009: Lionel Messi (Argentina)<\/li>\n<li>2010: Lionel Messi (Argentina)<\/li>\n<li>2011: Lionel Messi (Argentina)<\/li>\n<li>2012: Lionel Messi (Argentina)<\/li>\n<li>2013: Cristiano Ronaldo (Portugal)<\/li>\n<li>2014: Cristiano Ronaldo (Portugal)<\/li>\n<li>2015: Lionel Messi (Argentina)<\/li>\n<li>2016: Cristiano Ronaldo (Portugal)<\/li>\n<li>2017: Cristiano Ronaldo (Portugal)<\/li>\n<li>2018: Luka Modric (Cro\u00e1cia)<\/li>\n<li>2019: Lionel Messi (Argentina)<\/li>\n<\/ul>\n<p>&nbsp;<\/p>\n","protected":false},"excerpt":{"rendered":"<p>Um dia ap\u00f3s anunciar os adiamentos das Copas do Mundo Feminino Sub-17 e Sub-20, e tamb\u00e9m da Copa do Mundo de Futsal, a FIFA anunciou nessa quarta-feira (13), o cancelamento do pr\u00eamio \u201cThe Best\u201d em decorr\u00eancia da epidemia do Coronav\u00edrus. O evento que ocorre de forma anual, seria realizado no dia 21 de setembro deste [&hellip;]<\/p>\n","protected":false},"author":96,"featured_media":160210,"comment_status":"closed","ping_status":"closed","sticky":false,"template":"","format":"standard","meta":{"footnotes":""},"categories":[436,257,439],"tags":[],"class_list":["post-160209","post","type-post","status-publish","format-standard","has-post-thumbnail","hentry","category-destaque-da-semana","category-esporte","category-ultima-hora"],"_links":{"self":[{"href":"https:\/\/diarioregionaldigital.com.br\/index.php?rest_route=\/wp\/v2\/posts\/160209","targetHints":{"allow":["GET"]}}],"collection":[{"href":"https:\/\/diarioregionaldigital.com.br\/index.php?rest_route=\/wp\/v2\/posts"}],"about":[{"href":"https:\/\/diarioregionaldigital.com.br\/index.php?rest_route=\/wp\/v2\/types\/post"}],"author":[{"embeddable":true,"href":"https:\/\/diarioregionaldigital.com.br\/index.php?rest_route=\/wp\/v2\/users\/96"}],"replies":[{"embeddable":true,"href":"https:\/\/diarioregionaldigital.com.br\/index.php?rest_route=%2Fwp%2Fv2%2Fcomments&post=160209"}],"version-history":[{"count":0,"href":"https:\/\/diarioregionaldigital.com.br\/index.php?rest_route=\/wp\/v2\/posts\/160209\/revisions"}],"wp:featuredmedia":[{"embeddable":true,"href":"https:\/\/diarioregionaldigital.com.br\/index.php?rest_route=\/wp\/v2\/media\/160210"}],"wp:attachment":[{"href":"https:\/\/diarioregionaldigital.com.br\/index.php?rest_route=%2Fwp%2Fv2%2Fmedia&parent=160209"}],"wp:term":[{"taxonomy":"category","embeddable":true,"href":"https:\/\/diarioregionaldigital.com.br\/index.php?rest_route=%2Fwp%2Fv2%2Fcategories&post=160209"},{"taxonomy":"post_tag","embeddable":true,"href":"https:\/\/diarioregionaldigital.com.br\/index.php?rest_route=%2Fwp%2Fv2%2Ftags&post=160209"}],"curies":[{"name":"wp","href":"https:\/\/api.w.org\/{rel}","templated":true}]}}