{"id":160206,"date":"2020-05-13T17:32:54","date_gmt":"2020-05-13T20:32:54","guid":{"rendered":"https:\/\/diarioregionaldigital.com.br\/?p=160206"},"modified":"2020-05-13T17:32:54","modified_gmt":"2020-05-13T20:32:54","slug":"devido-a-covid-19-cbv-encerra-temporada-2019-2020-do-circuito-brasileiro-de-volei-de-praia","status":"publish","type":"post","link":"https:\/\/diarioregionaldigital.com.br\/?p=160206","title":{"rendered":"Devido \u00e0 COVID-19, CBV encerra temporada 2019\/2020 do Circuito Brasileiro de v\u00f4lei de praia"},"content":{"rendered":"<p>A Confedera\u00e7\u00e3o Brasileira de Voleibol (CBV) decidiu na \u00faltima ter\u00e7a-feira (12), pelo encerramento da temporada 2019\/2020 do Circuito Brasileiro de v\u00f4lei de praia em virtude da pandemia da COVID-19. A decis\u00e3o foi tomada em conjunto com a Comiss\u00e3o de Atletas de v\u00f4lei de praia, representada pelo campe\u00e3o ol\u00edmpico e presidente Emanuel Rego, pelo vice-presidente Harley Marques, e pelos membros Oscar Brand\u00e3o e Josi Alves.<\/p>\n<p>As duas etapas que ainda seriam realizadas na temporada 2019\/20, Rio de Janeiro (RJ) e Itapema (SC), far\u00e3o parte do calend\u00e1rio 2020\/21, que ter\u00e1 nove eventos Open e um SuperPraia. No masculino, Andr\u00e9 Stein e George (ES\/PB) j\u00e1 haviam garantido o t\u00edtulo por antecipa\u00e7\u00e3o, na etapa realizada em Aracaju (SE).<\/p>\n<p>J\u00e1 entre as mulheres, Ana Patr\u00edcia e Rebecca, que lideravam o ranking com grande vantagem, foram declaradas campe\u00e3s. A parceria precisava apenas entrar em quadra na etapa que seria realizada no Rio de Janeiro para confirmar a conquista.<\/p>\n<p>\u201cAcredito que tivemos a melhor decis\u00e3o em virtude do momento atual, principalmente tendo em vista o quadro de indefini\u00e7\u00e3o pela pandemia da COVID-19. Agora vamos trabalhar na elabora\u00e7\u00e3o do calend\u00e1rio 2020\/2021, com a ajuda da Comiss\u00e3o de Atletas, aumentando o n\u00famero de etapas da pr\u00f3xima temporada, com previs\u00e3o de in\u00edcio em setembro\u201d, disse Jos\u00e9 Virg\u00edlio Pires, Superintendente de v\u00f4lei de praia da CBV.<\/p>\n<p>&nbsp;<\/p>\n<p><strong>Fonte:\u00a0<\/strong>COB<\/p>\n","protected":false},"excerpt":{"rendered":"<p>A Confedera\u00e7\u00e3o Brasileira de Voleibol (CBV) decidiu na \u00faltima ter\u00e7a-feira (12), pelo encerramento da temporada 2019\/2020 do Circuito Brasileiro de v\u00f4lei de praia em virtude da pandemia da COVID-19. A decis\u00e3o foi tomada em conjunto com a Comiss\u00e3o de Atletas de v\u00f4lei de praia, representada pelo campe\u00e3o ol\u00edmpico e presidente Emanuel Rego, pelo vice-presidente Harley [&hellip;]<\/p>\n","protected":false},"author":96,"featured_media":160207,"comment_status":"closed","ping_status":"closed","sticky":false,"template":"","format":"standard","meta":{"footnotes":""},"categories":[436,257,439],"tags":[],"class_list":["post-160206","post","type-post","status-publish","format-standard","has-post-thumbnail","hentry","category-destaque-da-semana","category-esporte","category-ultima-hora"],"_links":{"self":[{"href":"https:\/\/diarioregionaldigital.com.br\/index.php?rest_route=\/wp\/v2\/posts\/160206","targetHints":{"allow":["GET"]}}],"collection":[{"href":"https:\/\/diarioregionaldigital.com.br\/index.php?rest_route=\/wp\/v2\/posts"}],"about":[{"href":"https:\/\/diarioregionaldigital.com.br\/index.php?rest_route=\/wp\/v2\/types\/post"}],"author":[{"embeddable":true,"href":"https:\/\/diarioregionaldigital.com.br\/index.php?rest_route=\/wp\/v2\/users\/96"}],"replies":[{"embeddable":true,"href":"https:\/\/diarioregionaldigital.com.br\/index.php?rest_route=%2Fwp%2Fv2%2Fcomments&post=160206"}],"version-history":[{"count":0,"href":"https:\/\/diarioregionaldigital.com.br\/index.php?rest_route=\/wp\/v2\/posts\/160206\/revisions"}],"wp:featuredmedia":[{"embeddable":true,"href":"https:\/\/diarioregionaldigital.com.br\/index.php?rest_route=\/wp\/v2\/media\/160207"}],"wp:attachment":[{"href":"https:\/\/diarioregionaldigital.com.br\/index.php?rest_route=%2Fwp%2Fv2%2Fmedia&parent=160206"}],"wp:term":[{"taxonomy":"category","embeddable":true,"href":"https:\/\/diarioregionaldigital.com.br\/index.php?rest_route=%2Fwp%2Fv2%2Fcategories&post=160206"},{"taxonomy":"post_tag","embeddable":true,"href":"https:\/\/diarioregionaldigital.com.br\/index.php?rest_route=%2Fwp%2Fv2%2Ftags&post=160206"}],"curies":[{"name":"wp","href":"https:\/\/api.w.org\/{rel}","templated":true}]}}