{"id":160203,"date":"2020-05-13T17:30:04","date_gmt":"2020-05-13T20:30:04","guid":{"rendered":"https:\/\/diarioregionaldigital.com.br\/?p=160203"},"modified":"2020-05-13T17:30:04","modified_gmt":"2020-05-13T20:30:04","slug":"campeonato-portugues-retorna-dia-4-de-junho","status":"publish","type":"post","link":"https:\/\/diarioregionaldigital.com.br\/?p=160203","title":{"rendered":"Campeonato Portugu\u00eas retorna dia 4 de junho"},"content":{"rendered":"<p>Ap\u00f3s a Bundesliga e Premier League anunciarem a volta dos Campeonatos Alem\u00e3o e Ingl\u00eas respectivamente, agora foi a vez da Liga Portuguesa anunciar a volta do Campeonato Portugu\u00eas. O an\u00fancio foi feito ap\u00f3s autoridades e executivos realizarem vistorias pelos est\u00e1dios e realiza\u00e7\u00e3o de testes m\u00e9dicos em todos os profissionais envolvidos.<\/p>\n<p>Durante os testes, o Benfica confirmou na segunda-feira (11), que o meia David Tavares, 21 anos, testou positivo para o Coronav\u00edrus e imediatamente foi afastado dos treinos. Os clubes Famalic\u00e3o, Vit\u00f3ria de Guimar\u00e3es e Moreirense tamb\u00e9m tiveram jogadores infectados, mas n\u00e3o revelaram seus nomes.<\/p>\n<p>A decis\u00e3o da retomada do futebol portugu\u00eas foi aprovada, ap\u00f3s o pa\u00eds cumprir todas as medidas e protocolos sanit\u00e1rios impostos pelas autoridades locais. Al\u00e9m disso, definiu o retorno junto aos clubes ap\u00f3s garantir as medidas de seguran\u00e7a e prote\u00e7\u00e3o para os atletas e profissionais em todos os est\u00e1dios.<\/p>\n<p>O Campeonato Portugu\u00eas est\u00e1 paralisado desde o dia 13 de mar\u00e7o e at\u00e9 o momento, o Porto lidera com 60 pontos, seguido de perto pelo rival Benfica na vice-lideran\u00e7a com 59 pontos, fechando a zona de classifica\u00e7\u00e3o para a pr\u00f3xima edi\u00e7\u00e3o da Liga dos Campe\u00f5es. O Braga \u00e9 o terceiro colocado com 46 pontos, Sporting de Lisboa \u00e9 o quarto com 42 e o Rio Ave \u00e9 o quinto com 38, estes estariam garantidos para a Liga Europa.<\/p>\n","protected":false},"excerpt":{"rendered":"<p>Ap\u00f3s a Bundesliga e Premier League anunciarem a volta dos Campeonatos Alem\u00e3o e Ingl\u00eas respectivamente, agora foi a vez da Liga Portuguesa anunciar a volta do Campeonato Portugu\u00eas. O an\u00fancio foi feito ap\u00f3s autoridades e executivos realizarem vistorias pelos est\u00e1dios e realiza\u00e7\u00e3o de testes m\u00e9dicos em todos os profissionais envolvidos. Durante os testes, o Benfica [&hellip;]<\/p>\n","protected":false},"author":96,"featured_media":160204,"comment_status":"closed","ping_status":"closed","sticky":false,"template":"","format":"standard","meta":{"footnotes":""},"categories":[436,257,439],"tags":[],"class_list":["post-160203","post","type-post","status-publish","format-standard","has-post-thumbnail","hentry","category-destaque-da-semana","category-esporte","category-ultima-hora"],"_links":{"self":[{"href":"https:\/\/diarioregionaldigital.com.br\/index.php?rest_route=\/wp\/v2\/posts\/160203","targetHints":{"allow":["GET"]}}],"collection":[{"href":"https:\/\/diarioregionaldigital.com.br\/index.php?rest_route=\/wp\/v2\/posts"}],"about":[{"href":"https:\/\/diarioregionaldigital.com.br\/index.php?rest_route=\/wp\/v2\/types\/post"}],"author":[{"embeddable":true,"href":"https:\/\/diarioregionaldigital.com.br\/index.php?rest_route=\/wp\/v2\/users\/96"}],"replies":[{"embeddable":true,"href":"https:\/\/diarioregionaldigital.com.br\/index.php?rest_route=%2Fwp%2Fv2%2Fcomments&post=160203"}],"version-history":[{"count":0,"href":"https:\/\/diarioregionaldigital.com.br\/index.php?rest_route=\/wp\/v2\/posts\/160203\/revisions"}],"wp:featuredmedia":[{"embeddable":true,"href":"https:\/\/diarioregionaldigital.com.br\/index.php?rest_route=\/wp\/v2\/media\/160204"}],"wp:attachment":[{"href":"https:\/\/diarioregionaldigital.com.br\/index.php?rest_route=%2Fwp%2Fv2%2Fmedia&parent=160203"}],"wp:term":[{"taxonomy":"category","embeddable":true,"href":"https:\/\/diarioregionaldigital.com.br\/index.php?rest_route=%2Fwp%2Fv2%2Fcategories&post=160203"},{"taxonomy":"post_tag","embeddable":true,"href":"https:\/\/diarioregionaldigital.com.br\/index.php?rest_route=%2Fwp%2Fv2%2Ftags&post=160203"}],"curies":[{"name":"wp","href":"https:\/\/api.w.org\/{rel}","templated":true}]}}