{"id":160200,"date":"2020-05-13T17:28:34","date_gmt":"2020-05-13T20:28:34","guid":{"rendered":"https:\/\/diarioregionaldigital.com.br\/?p=160200"},"modified":"2020-05-13T17:28:34","modified_gmt":"2020-05-13T20:28:34","slug":"pentatlo-moderno-define-datas-e-sedes-da-copa-do-mundo-de-2021","status":"publish","type":"post","link":"https:\/\/diarioregionaldigital.com.br\/?p=160200","title":{"rendered":"Pentatlo Moderno define datas e sedes da Copa do Mundo de 2021"},"content":{"rendered":"<p>A Uni\u00e3o Internacional de Pentatlo Moderno (UIPM) divulgou as datas e as sedes das etapas e da final da Copa do Mundo do ano que vem. As cidades que iriam realizar as qualifica\u00e7\u00f5es deste ano, que foram canceladas por causa da pandemia do novo coronav\u00edrus (Covid-19), v\u00e3o receber as disputas em 2021.<\/p>\n<p>Na temporada da Copa do Mundo deste ano, apenas a primeira etapa foi realizada, no fim de fevereiro e in\u00edcio de mar\u00e7o, no Cairo, Egito. Com isso, em vez de quatro, o calend\u00e1rio do ano que vem ter\u00e1 tr\u00eas etapas, al\u00e9m da grande final.<\/p>\n<p>Al\u00e9m disso, as provas do ano que vem v\u00e3o valer pontos para o ranking ol\u00edmpico que est\u00e1 sendo formado desde o ano passado para definir as \u00faltimas vagas da modalidade nos Jogos Ol\u00edmpicos de T\u00f3quio, adiados para julho e agosto de 2021.<\/p>\n<p>De acordo com o novo calend\u00e1rio, a primeira etapa ser\u00e1 em mar\u00e7o, em Budapeste, na Hungria. A segunda e a terceira ser\u00e3o realizadas em Sofia, na Bulg\u00e1ria, em abril; e a grande final em maio, em Seul, na Coreia do Sul.<\/p>\n<p>&#8220;Continuamos a experimentar um per\u00edodo de intensa interrup\u00e7\u00e3o em nossas vidas cotidianas devido \u00e0 pandemia da Covid-19, e o calend\u00e1rio esportivo foi devastado pelas restri\u00e7\u00f5es de viagem e pelo distanciamento social. Nesta situa\u00e7\u00e3o muito dif\u00edcil, estou satisfeito por podermos oferecer hoje \u00e0 nossa comunidade alguma clareza nas datas das competi\u00e7\u00f5es da qualifica\u00e7\u00e3o ol\u00edmpica em 2021&#8221;, destacou o presidente da UIPM, o alem\u00e3o Klaus Schormann.<\/p>\n<p><strong>Mundiais em aberto<\/strong><\/p>\n<p>Al\u00e9m do circuito da Copa do Mundo do ano que vem, a UIPM confirmou a realiza\u00e7\u00e3o do Mundial de 2021 em junho, em Minsk, na Bielorr\u00fassia, junto com o Mundial de Laser-run. O torneio valer\u00e1 seis vagas (tr\u00eas em cada g\u00eanero) para os Jogos de T\u00f3quio, al\u00e9m de pontos para o ranking ol\u00edmpico.<\/p>\n<p>O Mundial deste ano, que estava previsto para ocorrer neste m\u00eas na China, ainda est\u00e1 em aberto. Uma das possibilidades \u00e9 sua realiza\u00e7\u00e3o em Canc\u00fan, no M\u00e9xico, no segundo semestre.<\/p>\n<p>Tamb\u00e9m continuam em aberto o Congresso bianual da entidade, que est\u00e1 marcado para novembro, em Xiamen, na China, assim como os mundiais J\u00fanior, previsto para setembro na Pol\u00f4nia, e o Sub-19 e Sub-17 (outubro, na Hungria). A UIPM espera divulgar uma defini\u00e7\u00e3o sobre as competi\u00e7\u00f5es em junho e julho.<\/p>\n<p>&#8220;Por enquanto, pe\u00e7o a todos que fa\u00e7am tudo o que puderem para se manterem seguros, saud\u00e1veis e cuidarem de seus entes queridos, para que possamos emergir mais fortes como uma sociedade esportiva global dessa terr\u00edvel crise&#8221;, pediu Schormann.<\/p>\n<p><strong>&#8220;Temporada inesquec\u00edvel&#8221;<\/strong><\/p>\n<p>J\u00e1 o Mundial de Biatlo e Triatlo, que iria ocorrer em agosto, na Alemanha, foi transferido para agosto do ano que vem, ainda no pa\u00eds europeu. &#8220;Para nossos atletas, treinadores e federa\u00e7\u00f5es nacionais, espero que agora voc\u00eas possam come\u00e7ar a planejar com anteced\u00eancia &#8211; e esperemos momentos mais felizes e saborear a perspectiva de uma temporada inesquec\u00edvel em 2021, culminando nos Jogos Ol\u00edmpicos de T\u00f3quio&#8221;, desejou o presidente da UIPM.<\/p>\n<p>Com o adiamento das Olimp\u00edadas do Jap\u00e3o e da qualifica\u00e7\u00e3o do Pentatlo Moderno para o torneio, a UIPM ter\u00e1 at\u00e9 o dia 5 de julho de 2021 para definir os 72 pentatletas que v\u00e3o competir nos Jogos.<\/p>\n<p>At\u00e9 o momento, o Brasil tem uma representante confirmada no torneio. Trata-se carioca Ieda Guimar\u00e3es, de 19 anos, que conseguiu sua vaga ao ser a melhor sul-americana nos Jogos Pan-Americanos Lima 2019.<\/p>\n<p>As provas da modalidade nos Jogos ser\u00e3o realizadas no Musashino Forest Sport Plaza (esgrima tradicional) e no Est\u00e1dio de T\u00f3quio (nata\u00e7\u00e3o, esgrima b\u00f4nus, hipismo e laser-run). Ser\u00e1 a primeira vez em uma Olimp\u00edada que os cinco esportes da modalidade ser\u00e3o realizados em uma \u00fanica arena.<\/p>\n<p><strong>Copa do Mundo de 2021<\/strong><\/p>\n<p>1\u00aa etapa: 24 a 28 de mar\u00e7o, em Budapeste (Hungria)<\/p>\n<p>2\u00aa etapa: 7 a 11 de abril, em Sofia (Bulg\u00e1ria)<\/p>\n<p>3\u00aa etapa: 15 a 18 de abril, em Sofia (Bulg\u00e1ria)<\/p>\n<p>Final: 13 a 16 de maio, em Seul (Coreia do Sul)<\/p>\n<p><strong>Mundiais de 2021<\/strong><\/p>\n<p>S\u00eanior: 7 a 13 de junho, em Minsk, na Bielorr\u00fassia<\/p>\n<p>Biatlo e Triatlo: 25 a 29 de agosto, em Weiden, na Alemanha<\/p>\n<p>&nbsp;<\/p>\n<p><strong>Fonte:<\/strong>\u00a0Assessoria<\/p>\n","protected":false},"excerpt":{"rendered":"<p>A Uni\u00e3o Internacional de Pentatlo Moderno (UIPM) divulgou as datas e as sedes das etapas e da final da Copa do Mundo do ano que vem. As cidades que iriam realizar as qualifica\u00e7\u00f5es deste ano, que foram canceladas por causa da pandemia do novo coronav\u00edrus (Covid-19), v\u00e3o receber as disputas em 2021. Na temporada da [&hellip;]<\/p>\n","protected":false},"author":96,"featured_media":160201,"comment_status":"closed","ping_status":"closed","sticky":false,"template":"","format":"standard","meta":{"footnotes":""},"categories":[436,257,439],"tags":[],"class_list":["post-160200","post","type-post","status-publish","format-standard","has-post-thumbnail","hentry","category-destaque-da-semana","category-esporte","category-ultima-hora"],"_links":{"self":[{"href":"https:\/\/diarioregionaldigital.com.br\/index.php?rest_route=\/wp\/v2\/posts\/160200","targetHints":{"allow":["GET"]}}],"collection":[{"href":"https:\/\/diarioregionaldigital.com.br\/index.php?rest_route=\/wp\/v2\/posts"}],"about":[{"href":"https:\/\/diarioregionaldigital.com.br\/index.php?rest_route=\/wp\/v2\/types\/post"}],"author":[{"embeddable":true,"href":"https:\/\/diarioregionaldigital.com.br\/index.php?rest_route=\/wp\/v2\/users\/96"}],"replies":[{"embeddable":true,"href":"https:\/\/diarioregionaldigital.com.br\/index.php?rest_route=%2Fwp%2Fv2%2Fcomments&post=160200"}],"version-history":[{"count":0,"href":"https:\/\/diarioregionaldigital.com.br\/index.php?rest_route=\/wp\/v2\/posts\/160200\/revisions"}],"wp:featuredmedia":[{"embeddable":true,"href":"https:\/\/diarioregionaldigital.com.br\/index.php?rest_route=\/wp\/v2\/media\/160201"}],"wp:attachment":[{"href":"https:\/\/diarioregionaldigital.com.br\/index.php?rest_route=%2Fwp%2Fv2%2Fmedia&parent=160200"}],"wp:term":[{"taxonomy":"category","embeddable":true,"href":"https:\/\/diarioregionaldigital.com.br\/index.php?rest_route=%2Fwp%2Fv2%2Fcategories&post=160200"},{"taxonomy":"post_tag","embeddable":true,"href":"https:\/\/diarioregionaldigital.com.br\/index.php?rest_route=%2Fwp%2Fv2%2Ftags&post=160200"}],"curies":[{"name":"wp","href":"https:\/\/api.w.org\/{rel}","templated":true}]}}