{"id":160197,"date":"2020-05-13T15:16:37","date_gmt":"2020-05-13T18:16:37","guid":{"rendered":"https:\/\/diarioregionaldigital.com.br\/?p=160197"},"modified":"2020-05-14T14:12:08","modified_gmt":"2020-05-14T17:12:08","slug":"cada-semana-de-isolamento-gera-perda-de-r-20-bi-para-setor-produtivo","status":"publish","type":"post","link":"https:\/\/diarioregionaldigital.com.br\/?p=160197","title":{"rendered":"Cada semana de isolamento gera perda de R$ 20 bi para setor produtivo"},"content":{"rendered":"<p>O impacto imediato diante das paralisa\u00e7\u00f5es da produ\u00e7\u00e3o e isolamento social devido \u00e0 pandemia de covid-19 devem gerar perdas de faturamento das empresas de R$ 20 bilh\u00f5es, por semana. A conclus\u00e3o \u00e9 da Nota Informativa \u2013 Impactos Econ\u00f4micos da Covid-19, divulgada nessa quarta-feira (13) pelo Minist\u00e9rio da Economia. O levantamento foi feito com base em informa\u00e7\u00f5es para os 128 produtos da Tabela de Recursos e Usos do Instituto Brasileiro de Geografia e Estat\u00edstica (IBGE).<\/p>\n<p>Na nota, o minist\u00e9rio diz que \u201cconsiderando o cen\u00e1rio de retomada c\u00edclica at\u00e9 o segundo trimestre de 2021, redu\u00e7\u00f5es estruturais no n\u00edvel do PIB [Produto Interno Bruto \u2013 soma de todas as riquezas produzidas no pa\u00eds] de longo prazo de 5%, em compara\u00e7\u00e3o com o cen\u00e1rio de nenhum impacto no longo prazo, reduzir\u00e3o o PIB semanalmente em quase R$ 5 bilh\u00f5es no segundo semestre e em R$ 7,5 bilh\u00f5es em 2021. Esses valores tendem a ser muito piores caso consideremos um per\u00edodo de paralisa\u00e7\u00e3o maior que at\u00e9 31 de maio\u201d.<\/p>\n<p>Al\u00e9m da perda imediata de R$ 20 bilh\u00f5es por semana, o minist\u00e9rio diz que os custos envolvidos no isolamento devem ser muito maiores que este, uma vez que quanto mais tempo permanecer o regime de isolamento social maior ser\u00e1 a perda de arrecada\u00e7\u00e3o das empresas. E com isso, \u201cmaior o endividamento, promovendo um n\u00famero crescente de fal\u00eancias e destrui\u00e7\u00e3o de postos de trabalho\u201d.<\/p>\n<p>\u201cO mesmo efeito ocorre sobre o endividamento p\u00fablico, que tem gastos majorados e redu\u00e7\u00e3o nas arrecada\u00e7\u00f5es. Assim, os canais de impacto da crise que afetam o m\u00e9dio e o longo prazo s\u00e3o amplificados por per\u00edodos maiores de isolamento social\u201d, diz a nota.<\/p>\n<p>\u201cOs custos da crise e das paralisa\u00e7\u00f5es s\u00e3o de tal magnitude que mesmo com uma recupera\u00e7\u00e3o r\u00e1pida em \u201cV\u201d, e sem nenhum custo de longo prazo, n\u00e3o seria capaz de impedir um crescimento negativo em 2020. Pior que isso ser\u00e1 o prov\u00e1vel deslocamento da trajet\u00f3ria de longo prazo, configurando um custo permanente em termos de produto, emprego e bem-estar social\u201d, acrescenta o minist\u00e9rio.<\/p>\n<p>&nbsp;<\/p>\n<p><strong>Fonte:\u00a0<\/strong>Ag\u00eancia Brasil<\/p>\n","protected":false},"excerpt":{"rendered":"<p>O impacto imediato diante das paralisa\u00e7\u00f5es da produ\u00e7\u00e3o e isolamento social devido \u00e0 pandemia de covid-19 devem gerar perdas de faturamento das empresas de R$ 20 bilh\u00f5es, por semana. A conclus\u00e3o \u00e9 da Nota Informativa \u2013 Impactos Econ\u00f4micos da Covid-19, divulgada nessa quarta-feira (13) pelo Minist\u00e9rio da Economia. O levantamento foi feito com base em [&hellip;]<\/p>\n","protected":false},"author":96,"featured_media":160198,"comment_status":"closed","ping_status":"closed","sticky":false,"template":"","format":"standard","meta":{"footnotes":""},"categories":[436,261,439],"tags":[],"class_list":["post-160197","post","type-post","status-publish","format-standard","has-post-thumbnail","hentry","category-destaque-da-semana","category-economia","category-ultima-hora"],"_links":{"self":[{"href":"https:\/\/diarioregionaldigital.com.br\/index.php?rest_route=\/wp\/v2\/posts\/160197","targetHints":{"allow":["GET"]}}],"collection":[{"href":"https:\/\/diarioregionaldigital.com.br\/index.php?rest_route=\/wp\/v2\/posts"}],"about":[{"href":"https:\/\/diarioregionaldigital.com.br\/index.php?rest_route=\/wp\/v2\/types\/post"}],"author":[{"embeddable":true,"href":"https:\/\/diarioregionaldigital.com.br\/index.php?rest_route=\/wp\/v2\/users\/96"}],"replies":[{"embeddable":true,"href":"https:\/\/diarioregionaldigital.com.br\/index.php?rest_route=%2Fwp%2Fv2%2Fcomments&post=160197"}],"version-history":[{"count":0,"href":"https:\/\/diarioregionaldigital.com.br\/index.php?rest_route=\/wp\/v2\/posts\/160197\/revisions"}],"wp:featuredmedia":[{"embeddable":true,"href":"https:\/\/diarioregionaldigital.com.br\/index.php?rest_route=\/wp\/v2\/media\/160198"}],"wp:attachment":[{"href":"https:\/\/diarioregionaldigital.com.br\/index.php?rest_route=%2Fwp%2Fv2%2Fmedia&parent=160197"}],"wp:term":[{"taxonomy":"category","embeddable":true,"href":"https:\/\/diarioregionaldigital.com.br\/index.php?rest_route=%2Fwp%2Fv2%2Fcategories&post=160197"},{"taxonomy":"post_tag","embeddable":true,"href":"https:\/\/diarioregionaldigital.com.br\/index.php?rest_route=%2Fwp%2Fv2%2Ftags&post=160197"}],"curies":[{"name":"wp","href":"https:\/\/api.w.org\/{rel}","templated":true}]}}