{"id":160193,"date":"2020-05-13T15:15:03","date_gmt":"2020-05-13T18:15:03","guid":{"rendered":"https:\/\/diarioregionaldigital.com.br\/?p=160193"},"modified":"2020-05-13T15:15:03","modified_gmt":"2020-05-13T18:15:03","slug":"governo-projeta-queda-de-47-na-economia-este-ano","status":"publish","type":"post","link":"https:\/\/diarioregionaldigital.com.br\/?p=160193","title":{"rendered":"Governo projeta queda de 4,7% na economia este ano"},"content":{"rendered":"<p>A Secretaria de Pol\u00edtica Econ\u00f4mica do Minist\u00e9rio da Economia projeta queda de 4,7% da economia neste ano, devido aos efeitos da pandemia da covid-19. Em janeiro, o minist\u00e9rio previa crescimento de 2,4% do Produto Interno Bruto (PIB), a soma de todos os bens e servi\u00e7os produzidos no pa\u00eds.<\/p>\n<p>Em mar\u00e7o, in\u00edcio da crise gerada pelo coronav\u00edrus, a previs\u00e3o era de estabilidade (0,02%). Os n\u00fameros foram divulgados nessa quarta-feira (13), em Bras\u00edlia, no Boletim MacroFiscal.<\/p>\n<p>\u201cProvavelmente, a retra\u00e7\u00e3o do PIB neste ano ser\u00e1 a maior de nossa hist\u00f3ria. N\u00e3o obstante, \u00e9 fato que o efeito dessa doen\u00e7a aflige a grande maioria dos pa\u00edses. Conforme as proje\u00e7\u00f5es dos analistas econ\u00f4micos, a queda na atividade ser\u00e1 uma das maiores para muitos pa\u00edses desenvolvidos e emergentes no per\u00edodo p\u00f3s-guerra. Desta maneira, a paralisa\u00e7\u00e3o das atividades, deteriora\u00e7\u00e3o do emprego e a piora no cen\u00e1rio internacional promoveram redu\u00e7\u00e3o na proje\u00e7\u00e3o do crescimento brasileiro de 2020 para -4,7%, que anteriormente era de 0,0% &#8211; valor presente na Grade de Par\u00e2metros de mar\u00e7o de 2020\u201d, disse a publica\u00e7\u00e3o.<\/p>\n<p>Para 2021, a previs\u00e3o \u00e9 que o PIB cres\u00e7a 3,2%, ante a previs\u00e3o anterior de 3,3%. Em 2022, a expectativa \u00e9 de expans\u00e3o de 2,6% e, em 2023 e 2024, 2,5% em cada ano.<\/p>\n<p><strong>Distanciamento social<\/strong><\/p>\n<p>O secret\u00e1rio de Pol\u00edtica Econ\u00f4mica do Minist\u00e9rio da Economia, Adolfo Sachsida, disse que se as pol\u00edticas de distanciamento social continuarem ap\u00f3s o final de maio, o resultado do PIB ser\u00e1 pior. \u201cA cada semana que [se] aplica o distanciamento social, aumenta a probabilidade de fal\u00eancia de empresas, aumenta o desemprego e afeta a velocidade de retomada da economia\u201d, disse.<\/p>\n<p>Entretanto, ele disse que o Minist\u00e9rio da Economia n\u00e3o critica as medidas de isolamento social, mas apenas precisa consider\u00e1-las para fazer as proje\u00e7\u00f5es e deixar claro o custo das decis\u00f5es. \u201cO Minist\u00e9rio da Economia n\u00e3o se manifesta sobre quarentena. Respeitamos as autoridades que a determinam. Todos querem salvar vidas e est\u00e3o fazendo o melhor nesse sentido\u201d, disse Sachsida.<\/p>\n<p>O subsecret\u00e1rio de Pol\u00edtica Macroecon\u00f4mica do Minist\u00e9rio da Economia, Vladimir Kuhl Teles, disse que a cada 14 dias a mais de isolamento social, o PIB cai 0,7 ponto percentual, com perdas de faturamento de R$ 20 bilh\u00f5es do setor produtivo, por semana. Ele acrescentou que se o isolamento durar at\u00e9 o fim de junho, a queda do PIB ser\u00e1 superior a 6%.<\/p>\n<p><strong>Medidas de enfrentamento \u00e0 crise<\/strong><\/p>\n<p>O secret\u00e1rio de Fazenda, Waldery Rodrigues, disse que os gastos com medidas de enfrentamento da crise econ\u00f4mica gerada pela covid-19, como o aux\u00edlio emergencial, n\u00e3o ser\u00e3o permanentes. \u201cEssa crise grave que o mundo todo enfrenta tem in\u00edcio, meio e fim. Portanto, desenhamos as medidas para que sejam contidas em 2020 e tenham car\u00e1ter de transitoriedade. Buscamos as medidas que t\u00eam maior efetividade em termos de suporte aos mais vulner\u00e1veis e manuten\u00e7\u00e3o do emprego\u201d, afirmou.<\/p>\n<p>Os secret\u00e1rios destacaram que quando a crise passar ser\u00e1 preciso investimentos privados para estimular a retomada econ\u00f4mica. Para Sachsida, ser\u00e1 necess\u00e1ria uma agenda pr\u00f3-mercado.<\/p>\n<p><strong>Infla\u00e7\u00e3o<\/strong><\/p>\n<p>A previs\u00e3o para o \u00cdndice Nacional de Pre\u00e7os ao Consumidor Amplo (IPCA &#8211; a infla\u00e7\u00e3o oficial do pa\u00eds) \u00e9 1,77% neste ano, e 3,3% em 2021.<\/p>\n<p>Para o \u00cdndice Nacional de Pre\u00e7os ao Consumidor (INPC) a estimativa \u00e9 de 2,45%, em 2020, e de 3,50% em 2021. No caso do \u00cdndice Geral de Pre\u00e7os\u2013Disponibilidade Interna (IGP-DI), a expectativa de varia\u00e7\u00e3o \u00e9 4,49%, neste ano, e 4% em 2021.<\/p>\n<p>&nbsp;<\/p>\n<p><strong>Fonte:\u00a0<\/strong>Economia<\/p>\n","protected":false},"excerpt":{"rendered":"<p>A Secretaria de Pol\u00edtica Econ\u00f4mica do Minist\u00e9rio da Economia projeta queda de 4,7% da economia neste ano, devido aos efeitos da pandemia da covid-19. Em janeiro, o minist\u00e9rio previa crescimento de 2,4% do Produto Interno Bruto (PIB), a soma de todos os bens e servi\u00e7os produzidos no pa\u00eds. Em mar\u00e7o, in\u00edcio da crise gerada pelo [&hellip;]<\/p>\n","protected":false},"author":96,"featured_media":160194,"comment_status":"closed","ping_status":"closed","sticky":false,"template":"","format":"standard","meta":{"footnotes":""},"categories":[436,261,439],"tags":[],"class_list":["post-160193","post","type-post","status-publish","format-standard","has-post-thumbnail","hentry","category-destaque-da-semana","category-economia","category-ultima-hora"],"_links":{"self":[{"href":"https:\/\/diarioregionaldigital.com.br\/index.php?rest_route=\/wp\/v2\/posts\/160193","targetHints":{"allow":["GET"]}}],"collection":[{"href":"https:\/\/diarioregionaldigital.com.br\/index.php?rest_route=\/wp\/v2\/posts"}],"about":[{"href":"https:\/\/diarioregionaldigital.com.br\/index.php?rest_route=\/wp\/v2\/types\/post"}],"author":[{"embeddable":true,"href":"https:\/\/diarioregionaldigital.com.br\/index.php?rest_route=\/wp\/v2\/users\/96"}],"replies":[{"embeddable":true,"href":"https:\/\/diarioregionaldigital.com.br\/index.php?rest_route=%2Fwp%2Fv2%2Fcomments&post=160193"}],"version-history":[{"count":0,"href":"https:\/\/diarioregionaldigital.com.br\/index.php?rest_route=\/wp\/v2\/posts\/160193\/revisions"}],"wp:featuredmedia":[{"embeddable":true,"href":"https:\/\/diarioregionaldigital.com.br\/index.php?rest_route=\/wp\/v2\/media\/160194"}],"wp:attachment":[{"href":"https:\/\/diarioregionaldigital.com.br\/index.php?rest_route=%2Fwp%2Fv2%2Fmedia&parent=160193"}],"wp:term":[{"taxonomy":"category","embeddable":true,"href":"https:\/\/diarioregionaldigital.com.br\/index.php?rest_route=%2Fwp%2Fv2%2Fcategories&post=160193"},{"taxonomy":"post_tag","embeddable":true,"href":"https:\/\/diarioregionaldigital.com.br\/index.php?rest_route=%2Fwp%2Fv2%2Ftags&post=160193"}],"curies":[{"name":"wp","href":"https:\/\/api.w.org\/{rel}","templated":true}]}}