{"id":160187,"date":"2020-05-13T14:54:49","date_gmt":"2020-05-13T17:54:49","guid":{"rendered":"https:\/\/diarioregionaldigital.com.br\/?p=160187"},"modified":"2020-05-13T14:54:49","modified_gmt":"2020-05-13T17:54:49","slug":"ex-superintendente-da-pf-no-rio-e-nomeado-diretor-executivo-do-orgao","status":"publish","type":"post","link":"https:\/\/diarioregionaldigital.com.br\/?p=160187","title":{"rendered":"Ex-superintendente da PF no Rio \u00e9 nomeado diretor-executivo do \u00f3rg\u00e3o"},"content":{"rendered":"<p><span style=\"font-weight: 400;\">O ministro da Justi\u00e7a e Seguran\u00e7a P\u00fablica, Andr\u00e9 Mendon\u00e7a, nomeou o delegado Carlos Henrique Oliveira como novo diretor-executivo da Pol\u00edcia Federal (PF), cargo considerado o n\u00famero dois da corpora\u00e7\u00e3o, abaixo do diretor-geral. Oliveira ocupava o cargo de superintendente da PF no Rio de Janeiro.<\/span><\/p>\n<p><span style=\"font-weight: 400;\">A diretoria-executiva era ocupada pelo delegado Disney Rosseti, exonerado nessa quuarta-feira (13) do cargo e cedido ao Tribunal Superior Eleitoral (TSE). Mendon\u00e7a tamb\u00e9m mudou o diretor de Intelig\u00eancia Policial da PF. Sai o delegado Cl\u00e1udio Ferreira Gomes e entra o delegado Alexandre da Silveira Isbarrola.<\/span><\/p>\n<p><span style=\"font-weight: 400;\">Todas as portarias com as mudan\u00e7as foram publicadas nessa quarta-feira (13) no Di\u00e1rio Oficial da Uni\u00e3o. As mudan\u00e7as na Pol\u00edcia Federal, em especial na Superintend\u00eancia do Rio de Janeiro, est\u00e3o no centro das acusa\u00e7\u00f5es do ex-ministro Sergio Moro de que haveria interesse em interferir politicamente nas investiga\u00e7\u00f5es da corpora\u00e7\u00e3o.<\/span><\/p>\n<p><span style=\"font-weight: 400;\">Ao deixar o governo, Moro afirmou que a exonera\u00e7\u00e3o do ent\u00e3o diretor-geral da PF Maur\u00edcio Valeixo pelo presidente Jair Bolsonaro configurava interfer\u00eancia na corpora\u00e7\u00e3o. O presidente nega.<\/span><\/p>\n<p><span style=\"font-weight: 400;\">Ap\u00f3s a sa\u00edda de Valeixo, Bolsonaro nomeou o delegado Alexandre Ramagem, diretor da Ag\u00eancia Brasileira de Intelig\u00eancia (Abin), para chefiar a PF, mas o Supremo Tribunal Federal (STF) suspendeu a nomea\u00e7\u00e3o, com base nas acusa\u00e7\u00f5es do ex-ministro Moro. Bolsonaro ent\u00e3o, acabou nomeou o delegado Rolando Alexandre de Souza, que trabalhava na Abin com Ramagem, para o cargo de diretor-geral da PF.<\/span><\/p>\n<p>&nbsp;<\/p>\n<p><strong>Fonte:<\/strong>\u00a0Ag\u00eancia Brasil<\/p>\n","protected":false},"excerpt":{"rendered":"<p>O ministro da Justi\u00e7a e Seguran\u00e7a P\u00fablica, Andr\u00e9 Mendon\u00e7a, nomeou o delegado Carlos Henrique Oliveira como novo diretor-executivo da Pol\u00edcia Federal (PF), cargo considerado o n\u00famero dois da corpora\u00e7\u00e3o, abaixo do diretor-geral. Oliveira ocupava o cargo de superintendente da PF no Rio de Janeiro. A diretoria-executiva era ocupada pelo delegado Disney Rosseti, exonerado nessa quuarta-feira [&hellip;]<\/p>\n","protected":false},"author":96,"featured_media":160188,"comment_status":"closed","ping_status":"closed","sticky":false,"template":"","format":"standard","meta":{"footnotes":""},"categories":[436,254,439],"tags":[],"class_list":["post-160187","post","type-post","status-publish","format-standard","has-post-thumbnail","hentry","category-destaque-da-semana","category-politica","category-ultima-hora"],"_links":{"self":[{"href":"https:\/\/diarioregionaldigital.com.br\/index.php?rest_route=\/wp\/v2\/posts\/160187","targetHints":{"allow":["GET"]}}],"collection":[{"href":"https:\/\/diarioregionaldigital.com.br\/index.php?rest_route=\/wp\/v2\/posts"}],"about":[{"href":"https:\/\/diarioregionaldigital.com.br\/index.php?rest_route=\/wp\/v2\/types\/post"}],"author":[{"embeddable":true,"href":"https:\/\/diarioregionaldigital.com.br\/index.php?rest_route=\/wp\/v2\/users\/96"}],"replies":[{"embeddable":true,"href":"https:\/\/diarioregionaldigital.com.br\/index.php?rest_route=%2Fwp%2Fv2%2Fcomments&post=160187"}],"version-history":[{"count":0,"href":"https:\/\/diarioregionaldigital.com.br\/index.php?rest_route=\/wp\/v2\/posts\/160187\/revisions"}],"wp:featuredmedia":[{"embeddable":true,"href":"https:\/\/diarioregionaldigital.com.br\/index.php?rest_route=\/wp\/v2\/media\/160188"}],"wp:attachment":[{"href":"https:\/\/diarioregionaldigital.com.br\/index.php?rest_route=%2Fwp%2Fv2%2Fmedia&parent=160187"}],"wp:term":[{"taxonomy":"category","embeddable":true,"href":"https:\/\/diarioregionaldigital.com.br\/index.php?rest_route=%2Fwp%2Fv2%2Fcategories&post=160187"},{"taxonomy":"post_tag","embeddable":true,"href":"https:\/\/diarioregionaldigital.com.br\/index.php?rest_route=%2Fwp%2Fv2%2Ftags&post=160187"}],"curies":[{"name":"wp","href":"https:\/\/api.w.org\/{rel}","templated":true}]}}