{"id":160184,"date":"2020-05-13T14:49:37","date_gmt":"2020-05-13T17:49:37","guid":{"rendered":"https:\/\/diarioregionaldigital.com.br\/?p=160184"},"modified":"2020-05-13T14:49:37","modified_gmt":"2020-05-13T17:49:37","slug":"ministros-levam-a-bolsonaro-convite-para-posse-no-tse","status":"publish","type":"post","link":"https:\/\/diarioregionaldigital.com.br\/?p=160184","title":{"rendered":"Ministros levam a Bolsonaro convite para posse no TSE"},"content":{"rendered":"<p><span style=\"font-weight: 400;\">O presidente Jair Bolsonaro recebeu, nessa quarta-feira (13), em seu gabinete, no Pal\u00e1cio do Planalto, o presidente eleito do Tribunal Superior Eleitoral (TSE), ministro Lu\u00eds Roberto Barroso, e o vice-presidente eleito, ministro Luiz Edson Fachin. Eles levaram ao presidente o convite para a posse na Corte, que acontecer\u00e1 no pr\u00f3ximo dia 25 de maio.<\/span><\/p>\n<p><span style=\"font-weight: 400;\">Para respeitar a recomenda\u00e7\u00e3o de distanciamento social em raz\u00e3o da pandemia da covid-19, o TSE informou que o evento ser\u00e1 realizado com uma mesa virtual, para a qual ser\u00e3o convidados os representantes dos tr\u00eas poderes.<\/span><\/p>\n<p><span style=\"font-weight: 400;\">Pela manh\u00e3, na sa\u00edda do Pal\u00e1cio da Alvorada, ao ser questionado sobre a realiza\u00e7\u00e3o das elei\u00e7\u00f5es municipais em outubro deste ano, Bolsonaro disse que o assunto est\u00e1 fora da sua al\u00e7ada. \u201cJ\u00e1 tenho problema demais para me meter mais nesse\u201d.<\/span><\/p>\n<p><span style=\"font-weight: 400;\">Devido \u00e0s mudan\u00e7as causadas no pa\u00eds por causa do novo coronav\u00edrus (covid-19), h\u00e1 d\u00favidas se as elei\u00e7\u00f5es deste ano est\u00e3o garantidas. Em uma conversa virtual com a Associa\u00e7\u00e3o dos Magistrados Brasileiros (AMB), no in\u00edcio do m\u00eas, o ministro Barroso admitiu que a data do pleito, cujo primeiro turno est\u00e1 marcado para 4 de outubro, pode mudar.<\/span><\/p>\n<p><span style=\"font-weight: 400;\">Segundo o pr\u00f3ximo presidente do TSE, a decis\u00e3o deve ser pautada por par\u00e2metros sanit\u00e1rios e n\u00e3o pol\u00edticos. \u201cPor minha vontade, nada seria modificado porque as elei\u00e7\u00f5es s\u00e3o um rito vital para a democracia. Portanto, o ideal seria n\u00f3s podermos realizar as elei\u00e7\u00f5es. Por\u00e9m, h\u00e1 um risco real, e, a esta altura, indisfar\u00e7\u00e1vel, de que se possa vir a ter que adi\u00e1-las\u201d, disse Barroso, que assumir\u00e1 o comando da Corte eleitoral no lugar da ministra Rosa Weber.<\/span><\/p>\n<p><span style=\"font-weight: 400;\">Como a data do pleito \u2013 primeiro final de semana de outubro \u2013 est\u00e1 prevista na Constitui\u00e7\u00e3o Federal, qualquer altera\u00e7\u00e3o nesse sentido ter\u00e1 que ser feita pelo Congresso Nacional.<\/span><\/p>\n<p><span style=\"font-weight: 400;\">Barroso pretende ter uma defini\u00e7\u00e3o sobre o assunto em junho. \u00c9 que nesse m\u00eas precisam ser feitos os testes nas urnas eletr\u00f4nicas. Caso isso n\u00e3o seja poss\u00edvel, ele pretende se reunir com os presidentes da C\u00e2mara, Rodrigo Maia (DEM-RJ), e do Senado, Davi Alcolumbre (DEM-AP), para que uma emenda constitucional estabele\u00e7a um novo calend\u00e1rio.<\/span><\/p>\n<p>&nbsp;<\/p>\n<p><strong>Fonte:\u00a0<\/strong>Ag\u00eancia Brasil<\/p>\n","protected":false},"excerpt":{"rendered":"<p>O presidente Jair Bolsonaro recebeu, nessa quarta-feira (13), em seu gabinete, no Pal\u00e1cio do Planalto, o presidente eleito do Tribunal Superior Eleitoral (TSE), ministro Lu\u00eds Roberto Barroso, e o vice-presidente eleito, ministro Luiz Edson Fachin. Eles levaram ao presidente o convite para a posse na Corte, que acontecer\u00e1 no pr\u00f3ximo dia 25 de maio. Para [&hellip;]<\/p>\n","protected":false},"author":96,"featured_media":160185,"comment_status":"closed","ping_status":"closed","sticky":false,"template":"","format":"standard","meta":{"footnotes":""},"categories":[436,254,439],"tags":[],"class_list":["post-160184","post","type-post","status-publish","format-standard","has-post-thumbnail","hentry","category-destaque-da-semana","category-politica","category-ultima-hora"],"_links":{"self":[{"href":"https:\/\/diarioregionaldigital.com.br\/index.php?rest_route=\/wp\/v2\/posts\/160184","targetHints":{"allow":["GET"]}}],"collection":[{"href":"https:\/\/diarioregionaldigital.com.br\/index.php?rest_route=\/wp\/v2\/posts"}],"about":[{"href":"https:\/\/diarioregionaldigital.com.br\/index.php?rest_route=\/wp\/v2\/types\/post"}],"author":[{"embeddable":true,"href":"https:\/\/diarioregionaldigital.com.br\/index.php?rest_route=\/wp\/v2\/users\/96"}],"replies":[{"embeddable":true,"href":"https:\/\/diarioregionaldigital.com.br\/index.php?rest_route=%2Fwp%2Fv2%2Fcomments&post=160184"}],"version-history":[{"count":0,"href":"https:\/\/diarioregionaldigital.com.br\/index.php?rest_route=\/wp\/v2\/posts\/160184\/revisions"}],"wp:featuredmedia":[{"embeddable":true,"href":"https:\/\/diarioregionaldigital.com.br\/index.php?rest_route=\/wp\/v2\/media\/160185"}],"wp:attachment":[{"href":"https:\/\/diarioregionaldigital.com.br\/index.php?rest_route=%2Fwp%2Fv2%2Fmedia&parent=160184"}],"wp:term":[{"taxonomy":"category","embeddable":true,"href":"https:\/\/diarioregionaldigital.com.br\/index.php?rest_route=%2Fwp%2Fv2%2Fcategories&post=160184"},{"taxonomy":"post_tag","embeddable":true,"href":"https:\/\/diarioregionaldigital.com.br\/index.php?rest_route=%2Fwp%2Fv2%2Ftags&post=160184"}],"curies":[{"name":"wp","href":"https:\/\/api.w.org\/{rel}","templated":true}]}}