{"id":160182,"date":"2020-05-13T14:38:55","date_gmt":"2020-05-13T17:38:55","guid":{"rendered":"https:\/\/diarioregionaldigital.com.br\/?p=160182"},"modified":"2020-05-13T14:38:55","modified_gmt":"2020-05-13T17:38:55","slug":"estado-confirma-mais-oito-obitos-por-coronavirus","status":"publish","type":"post","link":"https:\/\/diarioregionaldigital.com.br\/?p=160182","title":{"rendered":"Estado confirma mais oito \u00f3bitos por Coronav\u00edrus"},"content":{"rendered":"<p>A Secretaria de Estado da Sa\u00fade de Minas Gerais (SES-MG), confirmou em boletim divulgado nesta quarta-feira (13), o aumento de 127 para 135 mortes confirmadas por Coronav\u00edrus. Os \u00f3bitos foram confirmados em Itambacuri (idoso de 70 anos), Perdizes (homem de 41 anos), Juiz de Fora (idoso de 81 anos), Jacutinga (jovem de 27 anos), Boa Esperan\u00e7a (idosa de 90 anos), Sete Lagoas (idoso de 65 anos) e Belo Horizonte (mulheres de 50 e 55 anos).<\/p>\n<p>Conforme o <a href=\"https:\/\/saude.mg.gov.br\/images\/noticias_e_eventos\/000_2020\/Boletins_Corona\/13.05.2020_Boletim_epidemiologico_COVID-19.pdf\">levantamento<\/a>, houve aumento para 3.733 casos confirmados e 101.572 s\u00e3o considerados suspeitos.<\/p>\n<p>Os\u00a0dados atualizados\u00a0referentes a \u00f3bitos confirmados em Minas Gerais s\u00e3o: Araguari (1), Arax\u00e1 (1), Barbacena (2), Belmiro Braga (1), Belo Horizonte (28), Belo Vale (1), Betim (2), Boa Esperan\u00e7a (1), Bonfim (1), Bueno Brand\u00e3o (1), Capit\u00f3lio (1), Carmo do Cajuru (1), Cataguases(1), Centralina (1), Contagem (3), Divin\u00f3polis (1), Espinosa (1), Extrema (3), Governador Valadares (3), Ipia\u00e7u (1), Itabira (1), Itajub\u00e1 (1), Itambacuri (1), Itapeva (1), Jacutinga (1), Jequitinhonha (1), Juiz de Fora (21), Manhua\u00e7u (1), Mariana (2), M\u00e1rio Campos (1), Martinho Campos (1), Montes Claros (2), Morro da Gar\u00e7a (1), Muria\u00e9 (1), Nanuque (1), Nova Serrana (1), Novo Cruzeiro (1), Ouro Fino (1), Paracatu (1), Parais\u00f3polis (2), Patos de Minas (1), Patroc\u00ednio (1), Perdizes (1), Piumhi (1), Planura (1), Po\u00e7os de Caldas (3), Pouso Alegre (3), Presidente Juscelino (1), Santa Luzia (1), Santos Dumont (1), S\u00e3o Francisco (2), S\u00e3o Geraldo da Piedade (1), S\u00e3o Jo\u00e3o Nepomuceno (1), S\u00e3o Jos\u00e9 da Lapa (1), S\u00e3o Rom\u00e3o (1), S\u00e3o Sebasti\u00e3o do Para\u00edso (1), S\u00e3o Tom\u00e1s de Aquino (1), Sete Lagoas (1), Te\u00f3filo Otoni (1), Toledo (1), Tr\u00eas Pontas (1), Uberaba (4), Uberl\u00e2ndia (11), Varginha (1) e Varzel\u00e2ndia (1).<\/p>\n<div><\/div>\n<div class=\"the_champ_sharing_container the_champ_horizontal_sharing\"><\/div>\n","protected":false},"excerpt":{"rendered":"<p>A Secretaria de Estado da Sa\u00fade de Minas Gerais (SES-MG), confirmou em boletim divulgado nesta quarta-feira (13), o aumento de 127 para 135 mortes confirmadas por Coronav\u00edrus. Os \u00f3bitos foram confirmados em Itambacuri (idoso de 70 anos), Perdizes (homem de 41 anos), Juiz de Fora (idoso de 81 anos), Jacutinga (jovem de 27 anos), Boa [&hellip;]<\/p>\n","protected":false},"author":96,"featured_media":156129,"comment_status":"closed","ping_status":"closed","sticky":false,"template":"","format":"standard","meta":{"footnotes":""},"categories":[436,440,252,439],"tags":[],"class_list":["post-160182","post","type-post","status-publish","format-standard","has-post-thumbnail","hentry","category-destaque-da-semana","category-destaques-do-dia","category-regiao","category-ultima-hora"],"_links":{"self":[{"href":"https:\/\/diarioregionaldigital.com.br\/index.php?rest_route=\/wp\/v2\/posts\/160182","targetHints":{"allow":["GET"]}}],"collection":[{"href":"https:\/\/diarioregionaldigital.com.br\/index.php?rest_route=\/wp\/v2\/posts"}],"about":[{"href":"https:\/\/diarioregionaldigital.com.br\/index.php?rest_route=\/wp\/v2\/types\/post"}],"author":[{"embeddable":true,"href":"https:\/\/diarioregionaldigital.com.br\/index.php?rest_route=\/wp\/v2\/users\/96"}],"replies":[{"embeddable":true,"href":"https:\/\/diarioregionaldigital.com.br\/index.php?rest_route=%2Fwp%2Fv2%2Fcomments&post=160182"}],"version-history":[{"count":0,"href":"https:\/\/diarioregionaldigital.com.br\/index.php?rest_route=\/wp\/v2\/posts\/160182\/revisions"}],"wp:featuredmedia":[{"embeddable":true,"href":"https:\/\/diarioregionaldigital.com.br\/index.php?rest_route=\/wp\/v2\/media\/156129"}],"wp:attachment":[{"href":"https:\/\/diarioregionaldigital.com.br\/index.php?rest_route=%2Fwp%2Fv2%2Fmedia&parent=160182"}],"wp:term":[{"taxonomy":"category","embeddable":true,"href":"https:\/\/diarioregionaldigital.com.br\/index.php?rest_route=%2Fwp%2Fv2%2Fcategories&post=160182"},{"taxonomy":"post_tag","embeddable":true,"href":"https:\/\/diarioregionaldigital.com.br\/index.php?rest_route=%2Fwp%2Fv2%2Ftags&post=160182"}],"curies":[{"name":"wp","href":"https:\/\/api.w.org\/{rel}","templated":true}]}}