{"id":160179,"date":"2020-05-13T14:28:17","date_gmt":"2020-05-13T17:28:17","guid":{"rendered":"https:\/\/diarioregionaldigital.com.br\/?p=160179"},"modified":"2020-05-13T14:28:17","modified_gmt":"2020-05-13T17:28:17","slug":"estado-financia-projetos-contra-a-covid-19","status":"publish","type":"post","link":"https:\/\/diarioregionaldigital.com.br\/?p=160179","title":{"rendered":"Estado financia projetos contra a covid-19"},"content":{"rendered":"<p>A\u00a0Secretaria de Estado de Desenvolvimento Econ\u00f4mico (Sede), por meio da Subsecretaria de Ci\u00eancia, Tecnologia e Inova\u00e7\u00e3o e, em parceria com a\u00a0Funda\u00e7\u00e3o de Amparo \u00e0 Pesquisa (Fapemig), selecionou 17 projetos e ideias inovadoras \u00a0contra a pandemia de coronav\u00edrus de empresas e Institui\u00e7\u00f5es de Pesquisa Cient\u00edfica e Tecnol\u00f3gica (ICT\u2019s) mineiras.<\/p>\n<p>Neste primeiro momento, tr\u00eas projetos ser\u00e3o contemplados\u00a0com o recurso total de\u00a0R$ 950 mil,\u00a0\u00a0para desenvolver as propostas de enfrentamento \u00e0 doen\u00e7a e \u00e0 supera\u00e7\u00e3o dos danos sociais e econ\u00f4micos por ela causados.<\/p>\n<p>Ao todo, 71 projetos foram inscritos no mapeamento de solu\u00e7\u00f5es de ICTs e empresas mineiras para aux\u00edlio no combate \u00e0 covid-19.<\/p>\n<p><strong>Propostas<\/strong><\/p>\n<p>As propostas submetidas por formul\u00e1rio foram avaliadas em car\u00e1ter preliminar quanto \u00e0 relev\u00e2ncia e viabilidade financeira diante do contexto da crise, considerando as vis\u00f5es da\u00a0Sa\u00fade\u00a0e do Desenvolvimento Econ\u00f4mico.<\/p>\n<p>Os projetos selecionados foram classificados para participa\u00e7\u00e3o em chamada exclusiva da Fapemig, na qual ser\u00e1 realizada avalia\u00e7\u00e3o de aspectos de inova\u00e7\u00e3o e pertin\u00eancia cient\u00edfica, para instru\u00e7\u00e3o do processo e repasse financeiro \u00e0 empresa ou ICT.<\/p>\n<p><strong>Crit\u00e9rios<\/strong><\/p>\n<p>As avalia\u00e7\u00f5es da primeira fase foram feitas por um comit\u00ea composto por representantes da Sede, Fapemig, Secretaria de Estado de Sa\u00fade,\u00a0Fhemig\u00a0e\u00a0Funed, que classificou 17 projetos como priorit\u00e1rios, sendo que dois desses n\u00e3o solicitaram recursos financeiros e receberam apoio para articula\u00e7\u00e3o pela Secretaria de Desenvolvimento Econ\u00f4mico; e um foi financiado por meio da complementa\u00e7\u00e3o financeira de um projeto que j\u00e1 estava em andamento na Fapemig.<\/p>\n<p>Dos outros 14 classificados, tr\u00eas receber\u00e3o o aporte j\u00e1 na pr\u00f3xima semana. S\u00e3o eles:<\/p>\n<p>\u2022 \u00a0 \u00a0 \u00a0 \u00a0 \u00a0Ultrassonografia ultraport\u00e1til \u00e0 beira do leito com suporte de telemedicina para triagem de pacientes com covid-19 &#8211; Centro de Telessa\u00fade do Hospital das Cl\u00ednicas da Universidade Federal de Minas Gerais (UFMG) \/ Fundep;<\/p>\n<p>\u2022 \u00a0 \u00a0 \u00a0 \u00a0 \u00a0Desenvolvimento de kit diagn\u00f3stico com t\u00e9cnica de amplifica\u00e7\u00e3o isot\u00e9rmica (rt-lamp) para eficientiza\u00e7\u00e3o da assist\u00eancia hospitalar durante a pandemia da covid-19: enfrentamento conjunto Fiocruz e Fhemig;<\/p>\n<p>\u2022 \u00a0 \u00a0 \u00a0 \u00a0 \u00a0Aspectos epidemiol\u00f3gicos e moleculares da covid-19 na Zona da Mata mineira, constru\u00e7\u00e3o de vetor recombinante com potencial para vacina oral e interfer\u00eancia do Sars-Cov-2 na estrutura da microbiota do trato respirat\u00f3rio superior, com implica\u00e7\u00f5es na evolu\u00e7\u00e3o da doen\u00e7a &#8211; Universidade Federal de Juiz de Fora (UFJF).<\/p>\n<p><strong>Portal Simi &#8211; Especial coronav\u00edrus<\/strong><\/p>\n<p>Al\u00e9m do mapeamento, as institui\u00e7\u00f5es inscritas foram adicionadas ao portal do Sistema Mineiro de Inova\u00e7\u00e3o (Simi), ambiente em que est\u00e3o compiladas as principais informa\u00e7\u00f5es sobre o ecossistema de inova\u00e7\u00e3o mineiro.<\/p>\n<p>S\u00e3o informa\u00e7\u00f5es sobre empreendedorismo, ci\u00eancia, tecnologia e inova\u00e7\u00e3o. A aba especial &#8220;Covid-19&#8221; d\u00e1 acesso a not\u00edcias relevantes, relacionadas \u00e0 pandemia.<\/p>\n<p>O Portal tamb\u00e9m disponibiliza todos os editais e oportunidades que est\u00e3o em aberto para o enfrentamento do novo v\u00edrus.<\/p>\n<p><strong>Startups<\/strong><\/p>\n<p>Startups com solu\u00e7\u00f5es que podem minimizar a propaga\u00e7\u00e3o do coronav\u00edrus ou minimizar os efeitos da pandemia tamb\u00e9m podem se cadastrar no site para fortalecer a rede de combate, com solu\u00e7\u00f5es para quest\u00f5es que impactam a realidade durante a pandemia.<\/p>\n<p>S\u00e3o exemplos isolamento social (sistema delivery), e-learning (aprendizado a dist\u00e2ncia), sa\u00fade remota, trabalho remoto, smart cities (cidades inteligentes), entre outros. O principal crit\u00e9rio \u00e9 o foco no combate \u00e0 propaga\u00e7\u00e3o do v\u00edrus e ou na imuniza\u00e7\u00e3o, al\u00e9m de minimiza\u00e7\u00e3o de sintomas e efici\u00eancia em testes r\u00e1pidos para o coronav\u00edrus.<\/p>\n<p>&nbsp;<\/p>\n<p><strong>Fonte:\u00a0<\/strong>Ag\u00eancia Minas<\/p>\n","protected":false},"excerpt":{"rendered":"<p>A\u00a0Secretaria de Estado de Desenvolvimento Econ\u00f4mico (Sede), por meio da Subsecretaria de Ci\u00eancia, Tecnologia e Inova\u00e7\u00e3o e, em parceria com a\u00a0Funda\u00e7\u00e3o de Amparo \u00e0 Pesquisa (Fapemig), selecionou 17 projetos e ideias inovadoras \u00a0contra a pandemia de coronav\u00edrus de empresas e Institui\u00e7\u00f5es de Pesquisa Cient\u00edfica e Tecnol\u00f3gica (ICT\u2019s) mineiras. Neste primeiro momento, tr\u00eas projetos ser\u00e3o contemplados\u00a0com [&hellip;]<\/p>\n","protected":false},"author":96,"featured_media":160180,"comment_status":"closed","ping_status":"closed","sticky":false,"template":"","format":"standard","meta":{"footnotes":""},"categories":[436,440,252,439],"tags":[],"class_list":["post-160179","post","type-post","status-publish","format-standard","has-post-thumbnail","hentry","category-destaque-da-semana","category-destaques-do-dia","category-regiao","category-ultima-hora"],"_links":{"self":[{"href":"https:\/\/diarioregionaldigital.com.br\/index.php?rest_route=\/wp\/v2\/posts\/160179","targetHints":{"allow":["GET"]}}],"collection":[{"href":"https:\/\/diarioregionaldigital.com.br\/index.php?rest_route=\/wp\/v2\/posts"}],"about":[{"href":"https:\/\/diarioregionaldigital.com.br\/index.php?rest_route=\/wp\/v2\/types\/post"}],"author":[{"embeddable":true,"href":"https:\/\/diarioregionaldigital.com.br\/index.php?rest_route=\/wp\/v2\/users\/96"}],"replies":[{"embeddable":true,"href":"https:\/\/diarioregionaldigital.com.br\/index.php?rest_route=%2Fwp%2Fv2%2Fcomments&post=160179"}],"version-history":[{"count":0,"href":"https:\/\/diarioregionaldigital.com.br\/index.php?rest_route=\/wp\/v2\/posts\/160179\/revisions"}],"wp:featuredmedia":[{"embeddable":true,"href":"https:\/\/diarioregionaldigital.com.br\/index.php?rest_route=\/wp\/v2\/media\/160180"}],"wp:attachment":[{"href":"https:\/\/diarioregionaldigital.com.br\/index.php?rest_route=%2Fwp%2Fv2%2Fmedia&parent=160179"}],"wp:term":[{"taxonomy":"category","embeddable":true,"href":"https:\/\/diarioregionaldigital.com.br\/index.php?rest_route=%2Fwp%2Fv2%2Fcategories&post=160179"},{"taxonomy":"post_tag","embeddable":true,"href":"https:\/\/diarioregionaldigital.com.br\/index.php?rest_route=%2Fwp%2Fv2%2Ftags&post=160179"}],"curies":[{"name":"wp","href":"https:\/\/api.w.org\/{rel}","templated":true}]}}