{"id":160176,"date":"2020-05-13T14:26:26","date_gmt":"2020-05-13T17:26:26","guid":{"rendered":"https:\/\/diarioregionaldigital.com.br\/?p=160176"},"modified":"2020-05-13T14:43:59","modified_gmt":"2020-05-13T17:43:59","slug":"covid-19-bolsonaro-quer-cloroquina-para-pacientes-com-sintomas-leves","status":"publish","type":"post","link":"https:\/\/diarioregionaldigital.com.br\/?p=160176","title":{"rendered":"Covid-19: Bolsonaro quer cloroquina para pacientes com sintomas leves"},"content":{"rendered":"<p>O presidente Jair Bolsonaro disse hoje (13) que vai conversar com o ministro da Sa\u00fade, Nelson Teich, para incluir o uso da cloroquina, e seu derivado hidroxicloroquina, no protocolo de atendimento do Sistema \u00danico de Sa\u00fade (SUS) de pacientes com sintomas leves de covid-19.<\/p>\n<p>\u201cO meu entendimento, ouvindo m\u00e9dicos, \u00e9 que ela deve ser usada desde o in\u00edcio por parte daqueles que integram o grupo de risco. [Para] pessoas com comorbidades ou de idade, j\u00e1 deve\u00a0ser usada a hidroxicloroquina\u201d, disse Bolsonaro ao deixar o Pal\u00e1cio da Alvorada.<\/p>\n<p>Para o presidente, \u201cpode dar certo, pode n\u00e3o dar certo [a cura do paciente]\u201d, mas enquanto n\u00e3o houver medicamento eficaz contra a covid-19, a cloroquina deveria ser utilizada. \u201cApesar de saberem que n\u00e3o tem confirma\u00e7\u00e3o cient\u00edfica da sua efic\u00e1cia, mas como estamos em uma emerg\u00eancia, a cloroquina, que sempre foi usada desde 1955, e agora com a azitromicina, pode ser um alento para essa quantidade enorme de \u00f3bitos que estamos tendo no Brasil\u201d, disse.<\/p>\n<p>Originalmente a droga \u00e9 indicada para doen\u00e7as como mal\u00e1ria, l\u00fapus e artrite, mas tem\u00a0sido usada e estudada, em associa\u00e7\u00e3o com outros medicamentos, para o tratamento da covid-19.<\/p>\n<p>No Brasil, o Minist\u00e9rio da Sa\u00fade incluiu em seus protocolos a sugest\u00e3o de uso da cloroquina em pacientes hospitalizados com gravidade m\u00e9dia e alta, mas mantendo a norma corrente na medicina de que cabe ao m\u00e9dico a decis\u00e3o sobre prescrever ou n\u00e3o a subst\u00e2ncia ao paciente.<\/p>\n<p>O Conselho Federal de Medicina (CFM) n\u00e3o recomenda o uso da droga, mas autorizou a\u00a0prescri\u00e7\u00e3o em situa\u00e7\u00f5es espec\u00edficas, inclusive em casos leves, a crit\u00e9rio do m\u00e9dico e em decis\u00e3o compartilhada com o paciente.<\/p>\n<p>\u201cEst\u00e1 sendo usado largamente no Brasil, mas n\u00e3o na rede SUS. Na rede SUS o m\u00e9dico tem uma cartilha, que \u00e9 o protocolo, se ele usa algo diferente daquilo ele vai ser responsabilizado. E l\u00e1 est\u00e1 escrito que \u00e9 apenas para caso grave\u201d, argumentou o presidente.<\/p>\n<p><strong>Pesquisas<\/strong><\/p>\n<p>Ontem (12), em publica\u00e7\u00e3o no Twitter, o ministro Nelson Teich citou as recomenda\u00e7\u00f5es do Minist\u00e9rio da Sa\u00fade e do CFM e fez o alerta de que a cloroquina \u00e9 um medicamento com efeitos colaterais. \u201cEnt\u00e3o, qualquer prescri\u00e7\u00e3o deve ser feita com base em avalia\u00e7\u00e3o m\u00e9dica. O paciente deve entender os riscos e assinar o Termo de Consentimento antes de iniciar o uso da cloroquina\u201d, escreveu.<\/p>\n<p>Segundo ele, o Minist\u00e9rio da Sa\u00fade acompanha todas as pesquisas nacionais e internacionais sobre o tratamento do coronav\u00edrus e, al\u00e9m da cloroquina, os\u00a0estudos avaliam\u00a0mais de 10 medicamentos. \u201cQueremos tamb\u00e9m nos preparar para a poss\u00edvel descoberta de uma vacina contra a doen\u00e7a. Estamos em constante conversa com pesquisadores e laborat\u00f3rios para garantir a oferta desta prote\u00e7\u00e3o para os brasileiros\u201d, ressaltou.<\/p>\n<p>Hoje, diante dessas declara\u00e7\u00f5es de Teich, o presidente Bolsonaro disse que todos os ministros tem que estar \u201cafinados\u201d com ele. \u201cTodos s\u00e3o indica\u00e7\u00f5es pol\u00edticas minhas. E quando converso com os ministros quero efic\u00e1cia na ponta da linha. Esse caso n\u00e3o \u00e9 sobre eu gostar ou n\u00e3o do ministro Teich, \u00e9 o que est\u00e1 acontecendo. Estamos tendo centenas de mortes por dia. Se existe a possibilidade de diminuir esse n\u00famero com cloroquina porque n\u00e3o us\u00e1-la?\u201d, questionou.<\/p>\n<p>O presidente disse ainda que vai conversar com Teich sobre as recomenda\u00e7\u00f5es do minist\u00e9rio para o isolamento horizontal da popula\u00e7\u00e3o, ou seja, por todas as pessoas independentemente de ser ou n\u00e3o do grupo de risco, como medida de combate \u00e0 pandemia de covid-19. \u201cNo meu entender, desde o come\u00e7o devia ser o vertical, cuidar das pessoas do grupo de risco e botar o povo para trabalhar\u201d, disse Bolsonaro.<\/p>\n<p><strong>Interfer\u00eancias na PF<\/strong><\/p>\n<p>O presidente falou novamente hoje sobre o v\u00eddeo que cont\u00e9m o registro integral da reuni\u00e3o ministerial, que ocorreu no Pal\u00e1cio do Planalto, no dia 22 de abril, dois dias antes do ent\u00e3o ministro da Justi\u00e7a e Seguran\u00e7a P\u00fablica Sergio Moro deixar o cargo. Em declara\u00e7\u00e3o \u00e0 imprensa, Moro afirmou que a exonera\u00e7\u00e3o do ent\u00e3o diretor-geral da Pol\u00edcia Federal, Maur\u00edcio Valeixo, pelo presidente Jair Bolsonaro configurava interfer\u00eancia na corpora\u00e7\u00e3o. O\u00a0presidente nega\u00a0e, para ele, &#8220;qualquer parte do v\u00eddeo que seja pertinente ao inqu\u00e9rito, da minha parte, pode ser levado ao conhecimento p\u00fablico&#8221;.<\/p>\n<p>\u201cEu n\u00e3o falo Pol\u00edcia Federal, n\u00e3o existe a palavra Pol\u00edcia Federal em todo o v\u00eddeo, n\u00e3o existe palavra superintend\u00eancia, n\u00e3o existe a palavra investiga\u00e7\u00e3o sobre filho. Eu falo sobre seguran\u00e7a da minha fam\u00edlia e meus amigos. Ou voc\u00ea acha que n\u00e3o h\u00e1 interesse me fazer uma maldade com filho meu?\u201d, disse Bolsonaro, hoje, \u201cN\u00e3o falei o nome dele [do Moro] no v\u00eddeo. N\u00e3o existe a palavra Sergio Moro, eu cobrei a minha seguran\u00e7a pessoal no Rio de Janeiro. A PF n\u00e3o faz minha seguran\u00e7a pessoal, quem faz \u00e9 o GSI [Gabinete de Seguran\u00e7a Institucional]. Quem trata de seguran\u00e7a? O ministro \u00e9 o [general Augusto] Heleno\u201d.<\/p>\n<p>Bolsonaro informou ainda que decidiu acabar com as reuni\u00f5es ministeriais realizadas, via de regra, a cada 15 dias para avaliar as a\u00e7\u00f5es desenvolvidas e discutir as prioridades da agenda do governo federal. \u201cVou ter uma vez por m\u00eas, de manh\u00e3, [com hasteamento da] Bandeira Nacional, um caf\u00e9 de confraterniza\u00e7\u00e3o e [todos ser\u00e3o] liberados. O resto [assuntos de governo] vou tratar individualmente com cada ministro, para evitar esse tipo de problema. Independente das reuni\u00f5es quinzenais, tenho reuni\u00f5es di\u00e1rias, todo dia eu recebo alguns ministros\u201d, disse.<\/p>\n<p>Quando as reuni\u00f5es ocorrem no Pal\u00e1cio da Alvorada, Bolsonaro tamb\u00e9m re\u00fane os ministros, momentos antes, para participar de para um momento c\u00edvico, de hasteamento da Bandeira Nacional, na \u00e1rea externa da resid\u00eancia oficial.<\/p>\n<p>&nbsp;<\/p>\n<p><strong>Fonte:\u00a0<\/strong>Ag\u00eancia Brasil<\/p>\n","protected":false},"excerpt":{"rendered":"<p>O presidente Jair Bolsonaro disse hoje (13) que vai conversar com o ministro da Sa\u00fade, Nelson Teich, para incluir o uso da cloroquina, e seu derivado hidroxicloroquina, no protocolo de atendimento do Sistema \u00danico de Sa\u00fade (SUS) de pacientes com sintomas leves de covid-19. \u201cO meu entendimento, ouvindo m\u00e9dicos, \u00e9 que ela deve ser usada [&hellip;]<\/p>\n","protected":false},"author":96,"featured_media":160177,"comment_status":"closed","ping_status":"closed","sticky":false,"template":"","format":"standard","meta":{"footnotes":""},"categories":[302,436,440,439],"tags":[],"class_list":["post-160176","post","type-post","status-publish","format-standard","has-post-thumbnail","hentry","category-brasil-mundo","category-destaque-da-semana","category-destaques-do-dia","category-ultima-hora"],"_links":{"self":[{"href":"https:\/\/diarioregionaldigital.com.br\/index.php?rest_route=\/wp\/v2\/posts\/160176","targetHints":{"allow":["GET"]}}],"collection":[{"href":"https:\/\/diarioregionaldigital.com.br\/index.php?rest_route=\/wp\/v2\/posts"}],"about":[{"href":"https:\/\/diarioregionaldigital.com.br\/index.php?rest_route=\/wp\/v2\/types\/post"}],"author":[{"embeddable":true,"href":"https:\/\/diarioregionaldigital.com.br\/index.php?rest_route=\/wp\/v2\/users\/96"}],"replies":[{"embeddable":true,"href":"https:\/\/diarioregionaldigital.com.br\/index.php?rest_route=%2Fwp%2Fv2%2Fcomments&post=160176"}],"version-history":[{"count":0,"href":"https:\/\/diarioregionaldigital.com.br\/index.php?rest_route=\/wp\/v2\/posts\/160176\/revisions"}],"wp:featuredmedia":[{"embeddable":true,"href":"https:\/\/diarioregionaldigital.com.br\/index.php?rest_route=\/wp\/v2\/media\/160177"}],"wp:attachment":[{"href":"https:\/\/diarioregionaldigital.com.br\/index.php?rest_route=%2Fwp%2Fv2%2Fmedia&parent=160176"}],"wp:term":[{"taxonomy":"category","embeddable":true,"href":"https:\/\/diarioregionaldigital.com.br\/index.php?rest_route=%2Fwp%2Fv2%2Fcategories&post=160176"},{"taxonomy":"post_tag","embeddable":true,"href":"https:\/\/diarioregionaldigital.com.br\/index.php?rest_route=%2Fwp%2Fv2%2Ftags&post=160176"}],"curies":[{"name":"wp","href":"https:\/\/api.w.org\/{rel}","templated":true}]}}