{"id":160173,"date":"2020-05-13T14:15:08","date_gmt":"2020-05-13T17:15:08","guid":{"rendered":"https:\/\/diarioregionaldigital.com.br\/?p=160173"},"modified":"2020-05-13T14:15:08","modified_gmt":"2020-05-13T17:15:08","slug":"laboratorios-da-embrapa-e-da-fiocruz-passam-a-diagnosticar-a-covid-19","status":"publish","type":"post","link":"https:\/\/diarioregionaldigital.com.br\/?p=160173","title":{"rendered":"Laborat\u00f3rios da Embrapa e da Fiocruz passam a diagnosticar a covid-19"},"content":{"rendered":"<p>Os laborat\u00f3rios da Empresa Brasileira de Pesquisa Agropecu\u00e1ria (Embrapa) e da Funda\u00e7\u00e3o Oswaldo Cruz (Fiocruz) foram inclu\u00eddos na rede de an\u00e1lise para o diagn\u00f3stico do novo coronav\u00edrus (covid-19).\u00a0 A decis\u00e3o \u00e9 da diretoria colegiada da Ag\u00eancia Nacional de Vigil\u00e2ncia Sanit\u00e1ria (Anvisa).<\/p>\n<p>Segundo a Ag\u00eancia, o objetivo da medida \u00e9 ampliar a capacidade laboratorial p\u00fablica nacional para o diagn\u00f3stico da doen\u00e7a, diante da atual emerg\u00eancia em sa\u00fade p\u00fablica provocada pela covid-19. &#8220;Os laborat\u00f3rios da Embrapa e da Fiocruz re\u00fanem alta capacidade anal\u00edtica e profici\u00eancia em diversos m\u00e9todos e diagn\u00f3sticos&#8221;, destaca a Anvisa.<\/p>\n<p>De acordo com o diretor-presidente substituto e relator da proposta, Antonio Barra Torres, a inclus\u00e3o dos laborat\u00f3rios \u201ccontribui favoravelmente para a amplia\u00e7\u00e3o da capacidade anal\u00edtica de diagn\u00f3stico da covid-19\u201d.<\/p>\n<p>A resolu\u00e7\u00e3o est\u00e1 publicada no<em>\u00a0Di\u00e1rio Oficial da Uni\u00e3o<\/em>\u00a0desta quarta-feira (13) e ficar\u00e1 vigente enquanto o Minist\u00e9rio da Sa\u00fade mantiver a emerg\u00eancia relacionada \u00e0 pandemia do novo coronav\u00edrus.<\/p>\n<p>&nbsp;<\/p>\n<p><strong>Fonte:\u00a0<\/strong>Ag\u00eancia Brasil<\/p>\n","protected":false},"excerpt":{"rendered":"<p>Os laborat\u00f3rios da Empresa Brasileira de Pesquisa Agropecu\u00e1ria (Embrapa) e da Funda\u00e7\u00e3o Oswaldo Cruz (Fiocruz) foram inclu\u00eddos na rede de an\u00e1lise para o diagn\u00f3stico do novo coronav\u00edrus (covid-19).\u00a0 A decis\u00e3o \u00e9 da diretoria colegiada da Ag\u00eancia Nacional de Vigil\u00e2ncia Sanit\u00e1ria (Anvisa). Segundo a Ag\u00eancia, o objetivo da medida \u00e9 ampliar a capacidade laboratorial p\u00fablica nacional [&hellip;]<\/p>\n","protected":false},"author":96,"featured_media":160174,"comment_status":"closed","ping_status":"closed","sticky":false,"template":"","format":"standard","meta":{"footnotes":""},"categories":[302,436,439],"tags":[],"class_list":["post-160173","post","type-post","status-publish","format-standard","has-post-thumbnail","hentry","category-brasil-mundo","category-destaque-da-semana","category-ultima-hora"],"_links":{"self":[{"href":"https:\/\/diarioregionaldigital.com.br\/index.php?rest_route=\/wp\/v2\/posts\/160173","targetHints":{"allow":["GET"]}}],"collection":[{"href":"https:\/\/diarioregionaldigital.com.br\/index.php?rest_route=\/wp\/v2\/posts"}],"about":[{"href":"https:\/\/diarioregionaldigital.com.br\/index.php?rest_route=\/wp\/v2\/types\/post"}],"author":[{"embeddable":true,"href":"https:\/\/diarioregionaldigital.com.br\/index.php?rest_route=\/wp\/v2\/users\/96"}],"replies":[{"embeddable":true,"href":"https:\/\/diarioregionaldigital.com.br\/index.php?rest_route=%2Fwp%2Fv2%2Fcomments&post=160173"}],"version-history":[{"count":0,"href":"https:\/\/diarioregionaldigital.com.br\/index.php?rest_route=\/wp\/v2\/posts\/160173\/revisions"}],"wp:featuredmedia":[{"embeddable":true,"href":"https:\/\/diarioregionaldigital.com.br\/index.php?rest_route=\/wp\/v2\/media\/160174"}],"wp:attachment":[{"href":"https:\/\/diarioregionaldigital.com.br\/index.php?rest_route=%2Fwp%2Fv2%2Fmedia&parent=160173"}],"wp:term":[{"taxonomy":"category","embeddable":true,"href":"https:\/\/diarioregionaldigital.com.br\/index.php?rest_route=%2Fwp%2Fv2%2Fcategories&post=160173"},{"taxonomy":"post_tag","embeddable":true,"href":"https:\/\/diarioregionaldigital.com.br\/index.php?rest_route=%2Fwp%2Fv2%2Ftags&post=160173"}],"curies":[{"name":"wp","href":"https:\/\/api.w.org\/{rel}","templated":true}]}}