{"id":160166,"date":"2020-05-13T06:00:28","date_gmt":"2020-05-13T09:00:28","guid":{"rendered":"https:\/\/diarioregionaldigital.com.br\/?p=160166"},"modified":"2020-05-12T23:40:10","modified_gmt":"2020-05-13T02:40:10","slug":"prefeitura-municipal-de-tocantins-processo-no047-13-05-2020","status":"publish","type":"post","link":"https:\/\/diarioregionaldigital.com.br\/?p=160166","title":{"rendered":"Prefeitura Municipal de Tocantins &#8211; Processo n\u00ba047 &#8211; 13\/05\/2020"},"content":{"rendered":"<p style=\"text-align: center;\"><strong>PREFEITURA MUNICIPAL DE TOCANTINS\/MG<\/strong><\/p>\n<p style=\"text-align: center;\"><strong>RATIFICA\u00c7\u00c3O<\/strong><\/p>\n<p style=\"text-align: center;\"><strong>Processo n\u00b0 047\/2020<\/strong><\/p>\n<p style=\"text-align: center;\"><strong>Dispensa n\u00b0 017\/2020<\/strong><\/p>\n<p style=\"text-align: center;\">O Prefeito Municipal de TOCANTINS\/MG, no uso de suas atribui\u00e7\u00f5es legais, com fulcro art. 24, inciso II da Lei n\u00b0 8.666\/93 e suas posteriores altera\u00e7\u00f5es, pelo presente ato, RATIFICA A DISPENSA DE DI\u00c1RIA DE SERVI\u00c7O DE TRIO EL\u00c9TRICO COM LOCUTOR PARA DIVULGA\u00c7\u00c3O E PREVEN\u00c7\u00c3O CONTRA O CORONA V\u00cdRUS (COVID-19). ESSA SOLICITA\u00c7\u00c3O SE FAZ JUS DEVIDA A EXTREMA NECESSIDADE EMERGENCIAL E CALAMITOSA DE SA\u00daDE PUBLICA EM QUE SE ENCONTRA O MUNIC\u00cdPIO.\u00a0<strong>PYRASOM LTDA-ME &#8211; CNPJ: 05.531.797\/0001-77<\/strong>.\u00a0Valor Total de R$ 7.500,00 (sete mil e quinhentos reais).\u00a0TOCANTINS, 28 de Abril de 2020.<\/p>\n<p style=\"text-align: center;\">\u00a0<strong>Ieder Washington de Oliveira &#8211; Prefeito Municipal.<\/strong><\/p>\n","protected":false},"excerpt":{"rendered":"<p>PREFEITURA MUNICIPAL DE TOCANTINS\/MG RATIFICA\u00c7\u00c3O Processo n\u00b0 047\/2020 Dispensa n\u00b0 017\/2020 O Prefeito Municipal de TOCANTINS\/MG, no uso de suas atribui\u00e7\u00f5es legais, com fulcro art. 24, inciso II da Lei n\u00b0 8.666\/93 e suas posteriores altera\u00e7\u00f5es, pelo presente ato, RATIFICA A DISPENSA DE DI\u00c1RIA DE SERVI\u00c7O DE TRIO EL\u00c9TRICO COM LOCUTOR PARA DIVULGA\u00c7\u00c3O E PREVEN\u00c7\u00c3O [&hellip;]<\/p>\n","protected":false},"author":96,"featured_media":0,"comment_status":"closed","ping_status":"closed","sticky":false,"template":"","format":"standard","meta":{"footnotes":""},"categories":[307],"tags":[],"class_list":["post-160166","post","type-post","status-publish","format-standard","hentry","category-editais"],"_links":{"self":[{"href":"https:\/\/diarioregionaldigital.com.br\/index.php?rest_route=\/wp\/v2\/posts\/160166","targetHints":{"allow":["GET"]}}],"collection":[{"href":"https:\/\/diarioregionaldigital.com.br\/index.php?rest_route=\/wp\/v2\/posts"}],"about":[{"href":"https:\/\/diarioregionaldigital.com.br\/index.php?rest_route=\/wp\/v2\/types\/post"}],"author":[{"embeddable":true,"href":"https:\/\/diarioregionaldigital.com.br\/index.php?rest_route=\/wp\/v2\/users\/96"}],"replies":[{"embeddable":true,"href":"https:\/\/diarioregionaldigital.com.br\/index.php?rest_route=%2Fwp%2Fv2%2Fcomments&post=160166"}],"version-history":[{"count":0,"href":"https:\/\/diarioregionaldigital.com.br\/index.php?rest_route=\/wp\/v2\/posts\/160166\/revisions"}],"wp:attachment":[{"href":"https:\/\/diarioregionaldigital.com.br\/index.php?rest_route=%2Fwp%2Fv2%2Fmedia&parent=160166"}],"wp:term":[{"taxonomy":"category","embeddable":true,"href":"https:\/\/diarioregionaldigital.com.br\/index.php?rest_route=%2Fwp%2Fv2%2Fcategories&post=160166"},{"taxonomy":"post_tag","embeddable":true,"href":"https:\/\/diarioregionaldigital.com.br\/index.php?rest_route=%2Fwp%2Fv2%2Ftags&post=160166"}],"curies":[{"name":"wp","href":"https:\/\/api.w.org\/{rel}","templated":true}]}}