{"id":160158,"date":"2020-05-13T06:00:33","date_gmt":"2020-05-13T09:00:33","guid":{"rendered":"https:\/\/diarioregionaldigital.com.br\/?p=160158"},"modified":"2020-05-12T23:31:22","modified_gmt":"2020-05-13T02:31:22","slug":"lives","status":"publish","type":"post","link":"https:\/\/diarioregionaldigital.com.br\/?p=160158","title":{"rendered":"Lives"},"content":{"rendered":"<p style=\"text-align: center;\"><strong>Lives<\/strong><\/p>\n<p style=\"text-align: center;\">Na semana que passou duas lives bombaram na internet usando o Facebook e o You Tube: a Associa\u00e7\u00e3o dos Professores de Ensino Superior fez transmiss\u00e3o para o debate \u201cTrabalho na atualidade\u201d com a participa\u00e7\u00e3o do professor de hist\u00f3ria do Brasil da UFF, Marcelo Badar\u00f3 e da presidente Marina Barbosa. Para uma rave em casa, o super Dj Alok arrasou direto da sua casa e com show transmitido pela Rede Globo e nas plataformas digitais.<\/p>\n<p style=\"text-align: center;\"><strong>Acordo<\/strong><\/p>\n<p style=\"text-align: center;\">Com estabilidade at\u00e9 dezembro, os trabalhadores da planta industrial da Mercedes-Benz de Juiz de Fora aprovaram acordo de suspens\u00e3o de contratos e os termos conversados entre entidade sindical e empresa foram consentidos pela categoria. As atividades ir\u00e3o voltar gradualmente.<\/p>\n<p style=\"text-align: center;\"><strong>Juntos e Misturados<\/strong><\/p>\n<p style=\"text-align: center;\">Em momentos delicado o projeto Divers\u00e3o em Cena da ArcelorMital chegou as plataformas digitais com a presen\u00e7a do teatro exibindo lives de pe\u00e7as infantis todo domingo, O objetivo \u00e9 democratizar a cultura durante o isolamento social. Recentemente adaptado ao universo digital, o projeto ainda est\u00e1 experimentando o contato com o p\u00fablico virtual. A transmiss\u00e3o \u00e9 todo domingo \u00e0s 16h pelo Facebook, Instragram e You Tube.<\/p>\n<p style=\"text-align: center;\"><strong>Cestas<\/strong><\/p>\n<p style=\"text-align: center;\">Vem a\u00ed o \u201cDias dos Namorados\u201d e a data merece carinho Pensando nisto o empres\u00e1rio M\u00e1rcio Marques criou cestas personalizadas, m\u00e1scaras e roupas deliciosamente elegantes, Para as Cestas, h\u00e1 3 op\u00e7\u00f5es segundo o gosto e o bolso do cliente com biscoitos, mini-bolos, p\u00e3es frios, doces e muito mais com muita paix\u00e3o. Encomendas: 98864-0764.<\/p>\n<p style=\"text-align: center;\"><span style=\"font-size: 14pt;\"><strong>Para Refletir<\/strong><\/span><\/p>\n<p style=\"text-align: center;\">A quarentena surpreendeu a todos. Seu desejo \u00e9 uma ordem? N\u00e3o mesmo. Frase cancelada como canceladas foram as pe\u00e7as de teatro, os jogos de futebol, as liquida\u00e7\u00f5es, o happy hour depois do expediente, aposentadoria antes da hora, por tempo indeterminado. Qual ser\u00e1 o legado, o que aprenderemos desta experi\u00eancia? Hoje, voc\u00ea n\u00e3o pode ter sempre o que quer! Tome nota.<\/p>\n<div id=\"attachment_160147\" style=\"width: 690px\" class=\"wp-caption aligncenter\"><img loading=\"lazy\" decoding=\"async\" aria-describedby=\"caption-attachment-160147\" class=\"wp-image-160147\" src=\"https:\/\/diarioregionaldigital.com.br\/wp-content\/uploads\/2020\/05\/fotoaa-e1589336239708.jpg\" alt=\"\" width=\"680\" height=\"501\" srcset=\"https:\/\/diarioregionaldigital.com.br\/wp-content\/uploads\/2020\/05\/fotoaa-e1589336239708.jpg 1536w, https:\/\/diarioregionaldigital.com.br\/wp-content\/uploads\/2020\/05\/fotoaa-e1589336239708-300x221.jpg 300w, https:\/\/diarioregionaldigital.com.br\/wp-content\/uploads\/2020\/05\/fotoaa-e1589336239708-768x566.jpg 768w, https:\/\/diarioregionaldigital.com.br\/wp-content\/uploads\/2020\/05\/fotoaa-e1589336239708-1024x755.jpg 1024w, https:\/\/diarioregionaldigital.com.br\/wp-content\/uploads\/2020\/05\/fotoaa-e1589336239708-360x265.jpg 360w\" sizes=\"auto, (max-width: 680px) 100vw, 680px\" \/><p id=\"caption-attachment-160147\" class=\"wp-caption-text\">A linda N\u00e1dia Justi em sintonia com sua m\u00e3e Babi Reis<\/p><\/div>\n<div id=\"attachment_160146\" style=\"width: 690px\" class=\"wp-caption aligncenter\"><img loading=\"lazy\" decoding=\"async\" aria-describedby=\"caption-attachment-160146\" class=\"wp-image-160146\" src=\"https:\/\/diarioregionaldigital.com.br\/wp-content\/uploads\/2020\/05\/fotoa-7.jpg\" alt=\"\" width=\"680\" height=\"444\" srcset=\"https:\/\/diarioregionaldigital.com.br\/wp-content\/uploads\/2020\/05\/fotoa-7.jpg 2584w, https:\/\/diarioregionaldigital.com.br\/wp-content\/uploads\/2020\/05\/fotoa-7-300x196.jpg 300w, https:\/\/diarioregionaldigital.com.br\/wp-content\/uploads\/2020\/05\/fotoa-7-768x502.jpg 768w, https:\/\/diarioregionaldigital.com.br\/wp-content\/uploads\/2020\/05\/fotoa-7-1024x669.jpg 1024w, https:\/\/diarioregionaldigital.com.br\/wp-content\/uploads\/2020\/05\/fotoa-7-360x235.jpg 360w\" sizes=\"auto, (max-width: 680px) 100vw, 680px\" \/><p id=\"caption-attachment-160146\" class=\"wp-caption-text\">Na suntuosa noite dos \u201cMelhores do Ano\u201d, no Trade Hotel, Celeste de Paula, o anfitri\u00e3o Eduardo Gomes e o jornalista Talison Vardiero<\/p><\/div>\n<div id=\"attachment_160148\" style=\"width: 690px\" class=\"wp-caption aligncenter\"><img loading=\"lazy\" decoding=\"async\" aria-describedby=\"caption-attachment-160148\" class=\"wp-image-160148\" src=\"https:\/\/diarioregionaldigital.com.br\/wp-content\/uploads\/2020\/05\/fotob-7-e1589336165150.jpg\" alt=\"\" width=\"680\" height=\"488\" srcset=\"https:\/\/diarioregionaldigital.com.br\/wp-content\/uploads\/2020\/05\/fotob-7-e1589336165150.jpg 1970w, https:\/\/diarioregionaldigital.com.br\/wp-content\/uploads\/2020\/05\/fotob-7-e1589336165150-300x215.jpg 300w, https:\/\/diarioregionaldigital.com.br\/wp-content\/uploads\/2020\/05\/fotob-7-e1589336165150-768x552.jpg 768w, https:\/\/diarioregionaldigital.com.br\/wp-content\/uploads\/2020\/05\/fotob-7-e1589336165150-1024x736.jpg 1024w, https:\/\/diarioregionaldigital.com.br\/wp-content\/uploads\/2020\/05\/fotob-7-e1589336165150-360x259.jpg 360w\" sizes=\"auto, (max-width: 680px) 100vw, 680px\" \/><p id=\"caption-attachment-160148\" class=\"wp-caption-text\">Em cena social no Bandeirantes, Fabiano Garcia, Carlos Barbosa, Rebeka Felini e Nelson Resende de Barros<\/p><\/div>\n<div id=\"attachment_160149\" style=\"width: 690px\" class=\"wp-caption aligncenter\"><img loading=\"lazy\" decoding=\"async\" aria-describedby=\"caption-attachment-160149\" class=\"wp-image-160149\" src=\"https:\/\/diarioregionaldigital.com.br\/wp-content\/uploads\/2020\/05\/fotobb-e1589336299603.jpeg\" alt=\"\" width=\"680\" height=\"500\" srcset=\"https:\/\/diarioregionaldigital.com.br\/wp-content\/uploads\/2020\/05\/fotobb-e1589336299603.jpeg 717w, https:\/\/diarioregionaldigital.com.br\/wp-content\/uploads\/2020\/05\/fotobb-e1589336299603-300x221.jpeg 300w, https:\/\/diarioregionaldigital.com.br\/wp-content\/uploads\/2020\/05\/fotobb-e1589336299603-360x265.jpeg 360w\" sizes=\"auto, (max-width: 680px) 100vw, 680px\" \/><p id=\"caption-attachment-160149\" class=\"wp-caption-text\">Cristiano Toledo em close com o c\u00e3o Logan, em sintonia na Farm\u00e1cia Cavaliere<\/p><\/div>\n<div id=\"attachment_160150\" style=\"width: 690px\" class=\"wp-caption aligncenter\"><img loading=\"lazy\" decoding=\"async\" aria-describedby=\"caption-attachment-160150\" class=\"wp-image-160150\" src=\"https:\/\/diarioregionaldigital.com.br\/wp-content\/uploads\/2020\/05\/fotoc-6-e1589336362885.jpg\" alt=\"\" width=\"680\" height=\"495\" srcset=\"https:\/\/diarioregionaldigital.com.br\/wp-content\/uploads\/2020\/05\/fotoc-6-e1589336362885.jpg 1712w, https:\/\/diarioregionaldigital.com.br\/wp-content\/uploads\/2020\/05\/fotoc-6-e1589336362885-300x218.jpg 300w, https:\/\/diarioregionaldigital.com.br\/wp-content\/uploads\/2020\/05\/fotoc-6-e1589336362885-768x559.jpg 768w, https:\/\/diarioregionaldigital.com.br\/wp-content\/uploads\/2020\/05\/fotoc-6-e1589336362885-1024x745.jpg 1024w, https:\/\/diarioregionaldigital.com.br\/wp-content\/uploads\/2020\/05\/fotoc-6-e1589336362885-360x262.jpg 360w\" sizes=\"auto, (max-width: 680px) 100vw, 680px\" \/><p id=\"caption-attachment-160150\" class=\"wp-caption-text\">Na cena social do Trade Hotel, o casal Cris Bissoli e Fabiano Bissoli<\/p><\/div>\n<div id=\"attachment_160151\" style=\"width: 690px\" class=\"wp-caption aligncenter\"><img loading=\"lazy\" decoding=\"async\" aria-describedby=\"caption-attachment-160151\" class=\"wp-image-160151\" src=\"https:\/\/diarioregionaldigital.com.br\/wp-content\/uploads\/2020\/05\/fotocc-e1589336397929.jpeg\" alt=\"\" width=\"680\" height=\"601\" srcset=\"https:\/\/diarioregionaldigital.com.br\/wp-content\/uploads\/2020\/05\/fotocc-e1589336397929.jpeg 716w, https:\/\/diarioregionaldigital.com.br\/wp-content\/uploads\/2020\/05\/fotocc-e1589336397929-300x265.jpeg 300w, https:\/\/diarioregionaldigital.com.br\/wp-content\/uploads\/2020\/05\/fotocc-e1589336397929-360x318.jpeg 360w, https:\/\/diarioregionaldigital.com.br\/wp-content\/uploads\/2020\/05\/fotocc-e1589336397929-555x490.jpeg 555w\" sizes=\"auto, (max-width: 680px) 100vw, 680px\" \/><p id=\"caption-attachment-160151\" class=\"wp-caption-text\">O fot\u00f3grafo Jeison Costa, Faz sucesso em Betim (MG)<\/p><\/div>\n<div id=\"attachment_160153\" style=\"width: 690px\" class=\"wp-caption aligncenter\"><img loading=\"lazy\" decoding=\"async\" aria-describedby=\"caption-attachment-160153\" class=\"wp-image-160153\" src=\"https:\/\/diarioregionaldigital.com.br\/wp-content\/uploads\/2020\/05\/fotodd-e1589336451484.jpeg\" alt=\"\" width=\"680\" height=\"495\" srcset=\"https:\/\/diarioregionaldigital.com.br\/wp-content\/uploads\/2020\/05\/fotodd-e1589336451484.jpeg 741w, https:\/\/diarioregionaldigital.com.br\/wp-content\/uploads\/2020\/05\/fotodd-e1589336451484-300x218.jpeg 300w, https:\/\/diarioregionaldigital.com.br\/wp-content\/uploads\/2020\/05\/fotodd-e1589336451484-360x262.jpeg 360w\" sizes=\"auto, (max-width: 680px) 100vw, 680px\" \/><p id=\"caption-attachment-160153\" class=\"wp-caption-text\">Em destaque o artista pl\u00e1stico do momento Wesley Monteiro<\/p><\/div>\n<div id=\"attachment_160152\" style=\"width: 690px\" class=\"wp-caption aligncenter\"><img loading=\"lazy\" decoding=\"async\" aria-describedby=\"caption-attachment-160152\" class=\"wp-image-160152\" src=\"https:\/\/diarioregionaldigital.com.br\/wp-content\/uploads\/2020\/05\/fotod-6.jpg\" alt=\"\" width=\"680\" height=\"450\" srcset=\"https:\/\/diarioregionaldigital.com.br\/wp-content\/uploads\/2020\/05\/fotod-6.jpg 2760w, https:\/\/diarioregionaldigital.com.br\/wp-content\/uploads\/2020\/05\/fotod-6-300x199.jpg 300w, https:\/\/diarioregionaldigital.com.br\/wp-content\/uploads\/2020\/05\/fotod-6-768x509.jpg 768w, https:\/\/diarioregionaldigital.com.br\/wp-content\/uploads\/2020\/05\/fotod-6-1024x678.jpg 1024w, https:\/\/diarioregionaldigital.com.br\/wp-content\/uploads\/2020\/05\/fotod-6-1440x950.jpg 1440w, https:\/\/diarioregionaldigital.com.br\/wp-content\/uploads\/2020\/05\/fotod-6-360x238.jpg 360w\" sizes=\"auto, (max-width: 680px) 100vw, 680px\" \/><p id=\"caption-attachment-160152\" class=\"wp-caption-text\">Na Costelaria do Z\u00e9, as locomotivas, Andreia Cintia, Monica Gomide Guimar\u00e3es, Nequitz Miguel e Beth Urgal<\/p><\/div>\n<div id=\"attachment_160154\" style=\"width: 690px\" class=\"wp-caption aligncenter\"><img loading=\"lazy\" decoding=\"async\" aria-describedby=\"caption-attachment-160154\" class=\"wp-image-160154\" src=\"https:\/\/diarioregionaldigital.com.br\/wp-content\/uploads\/2020\/05\/fotoe-7-e1589336527155.jpg\" alt=\"\" width=\"680\" height=\"477\" srcset=\"https:\/\/diarioregionaldigital.com.br\/wp-content\/uploads\/2020\/05\/fotoe-7-e1589336527155.jpg 1731w, https:\/\/diarioregionaldigital.com.br\/wp-content\/uploads\/2020\/05\/fotoe-7-e1589336527155-300x210.jpg 300w, https:\/\/diarioregionaldigital.com.br\/wp-content\/uploads\/2020\/05\/fotoe-7-e1589336527155-768x538.jpg 768w, https:\/\/diarioregionaldigital.com.br\/wp-content\/uploads\/2020\/05\/fotoe-7-e1589336527155-1024x718.jpg 1024w, https:\/\/diarioregionaldigital.com.br\/wp-content\/uploads\/2020\/05\/fotoe-7-e1589336527155-360x252.jpg 360w, https:\/\/diarioregionaldigital.com.br\/wp-content\/uploads\/2020\/05\/fotoe-7-e1589336527155-100x70.jpg 100w\" sizes=\"auto, (max-width: 680px) 100vw, 680px\" \/><p id=\"caption-attachment-160154\" class=\"wp-caption-text\">No Clube D. Pedro II, as poderosas: Wanda Magnolo, Ivete Gomes, M\u00e1rcia Fu e Margareth Brito<\/p><\/div>\n<p style=\"text-align: center;\"><strong>FOTOSS\u00cdNTESE<\/strong><\/p>\n<p>Para redu\u00e7\u00e3o de gastos, um decreto publicado pelo prefeito Ant\u00f4nio Almas (PSDB) autoriza a PJF a rescindir ou suspender contratos. O dispositivo aponta como primeira op\u00e7\u00e3o adotar medidas trabalhistas previstas em MP, como redu\u00e7\u00e3o de jornada de trabalho.<\/p>\n<p>Cr\u00e9dito Suplementar: em boa hora um decreto do Governo de minas destinou R$2,47 milh\u00f5es \u00e0 Funda\u00e7\u00e3o Hospitalar do Estado de Minas Gerais (Fhemig), para o combate \u00e0 pandemia do Covid-19.<\/p>\n<p>A live da dupla sensa\u00e7\u00e3o Renan &amp; Cristiano bombou geral. Em ritmo solid\u00e1rio foram arrecadados nove toneladas de alimentos, 500 m\u00e1scaras, 2470 litros de leite e mais 500 de \u00e1lcool em gel, para o projeto Mesa Brasil, do Sesc. Aplausos.<\/p>\n<p>Para um papo empresarial, Jo\u00e3o Carlos Guedes, do N\u00facleo de Inova\u00e7\u00e3o Tecnol\u00f3gico foi o convidado do \u201cCrittLive\u201d para falar sobre quest\u00f5es empresariais, relativas ao empreendedorismo, patentes e marcas.<\/p>\n<p>Miriam Neder gerente do Departamento de Controle Animal do Canil Municipal de Juiz de Fora contabiliza elogios pelo v\u00eddeo realizado por volunt\u00e1rios estimulando doa\u00e7\u00e3o no Canil Municipal.<\/p>\n<p>Ap\u00f3s o retorno das paridas de futebol, a novidade \u00e9 para os jogadores que cuspirem em campo poder\u00e3o levar cart\u00e3o. Tudo por conta do novo Coronav\u00edrus.<\/p>\n<p>Programa Gente em Primeiro Lugar da PJF, comemorou o Dia da Dan\u00e7a (29 de abril) com 57 coreografias in\u00e9ditas pelo Instagram. O cen\u00e1rio foi a Pra\u00e7a C\u00e9u.<\/p>\n<p>Causando impacto a m\u00fasica \u201cSomos todos um\u201d em parceria com artistas da cidade e o Grupo Solar de Comunica\u00e7\u00e3o. Nas plataformas digitais, acompanhada de videoclipe.<\/p>\n<p>Aten\u00e7\u00e3o: \u201cDeixar de investir na comunica\u00e7\u00e3o \u00e9 como prender a respira\u00e7\u00e3o e ficar sem oxig\u00eanio\u201d. Bom dia.<\/p>\n<p><img loading=\"lazy\" decoding=\"async\" class=\"aligncenter size-full wp-image-160159\" src=\"https:\/\/diarioregionaldigital.com.br\/wp-content\/uploads\/2020\/05\/anuncio33.jpg\" alt=\"\" width=\"3540\" height=\"1332\" srcset=\"https:\/\/diarioregionaldigital.com.br\/wp-content\/uploads\/2020\/05\/anuncio33.jpg 3540w, https:\/\/diarioregionaldigital.com.br\/wp-content\/uploads\/2020\/05\/anuncio33-300x113.jpg 300w, https:\/\/diarioregionaldigital.com.br\/wp-content\/uploads\/2020\/05\/anuncio33-768x289.jpg 768w, https:\/\/diarioregionaldigital.com.br\/wp-content\/uploads\/2020\/05\/anuncio33-1024x385.jpg 1024w, https:\/\/diarioregionaldigital.com.br\/wp-content\/uploads\/2020\/05\/anuncio33-360x135.jpg 360w\" sizes=\"auto, (max-width: 3540px) 100vw, 3540px\" \/><\/p>\n","protected":false},"excerpt":{"rendered":"<p>Lives Na semana que passou duas lives bombaram na internet usando o Facebook e o You Tube: a Associa\u00e7\u00e3o dos Professores de Ensino Superior fez transmiss\u00e3o para o debate \u201cTrabalho na atualidade\u201d com a participa\u00e7\u00e3o do professor de hist\u00f3ria do Brasil da UFF, Marcelo Badar\u00f3 e da presidente Marina Barbosa. Para uma rave em casa, [&hellip;]<\/p>\n","protected":false},"author":96,"featured_media":160147,"comment_status":"closed","ping_status":"closed","sticky":false,"template":"","format":"standard","meta":{"footnotes":""},"categories":[264],"tags":[],"class_list":["post-160158","post","type-post","status-publish","format-standard","has-post-thumbnail","hentry","category-eduardo-gomes"],"_links":{"self":[{"href":"https:\/\/diarioregionaldigital.com.br\/index.php?rest_route=\/wp\/v2\/posts\/160158","targetHints":{"allow":["GET"]}}],"collection":[{"href":"https:\/\/diarioregionaldigital.com.br\/index.php?rest_route=\/wp\/v2\/posts"}],"about":[{"href":"https:\/\/diarioregionaldigital.com.br\/index.php?rest_route=\/wp\/v2\/types\/post"}],"author":[{"embeddable":true,"href":"https:\/\/diarioregionaldigital.com.br\/index.php?rest_route=\/wp\/v2\/users\/96"}],"replies":[{"embeddable":true,"href":"https:\/\/diarioregionaldigital.com.br\/index.php?rest_route=%2Fwp%2Fv2%2Fcomments&post=160158"}],"version-history":[{"count":0,"href":"https:\/\/diarioregionaldigital.com.br\/index.php?rest_route=\/wp\/v2\/posts\/160158\/revisions"}],"wp:featuredmedia":[{"embeddable":true,"href":"https:\/\/diarioregionaldigital.com.br\/index.php?rest_route=\/wp\/v2\/media\/160147"}],"wp:attachment":[{"href":"https:\/\/diarioregionaldigital.com.br\/index.php?rest_route=%2Fwp%2Fv2%2Fmedia&parent=160158"}],"wp:term":[{"taxonomy":"category","embeddable":true,"href":"https:\/\/diarioregionaldigital.com.br\/index.php?rest_route=%2Fwp%2Fv2%2Fcategories&post=160158"},{"taxonomy":"post_tag","embeddable":true,"href":"https:\/\/diarioregionaldigital.com.br\/index.php?rest_route=%2Fwp%2Fv2%2Ftags&post=160158"}],"curies":[{"name":"wp","href":"https:\/\/api.w.org\/{rel}","templated":true}]}}