{"id":160155,"date":"2020-05-12T20:58:59","date_gmt":"2020-05-12T23:58:59","guid":{"rendered":"https:\/\/diarioregionaldigital.com.br\/?p=160155"},"modified":"2020-05-12T20:58:59","modified_gmt":"2020-05-12T23:58:59","slug":"covid-19-brasil-registra-881-mortes-em-24h-total-chega-a-124-mil","status":"publish","type":"post","link":"https:\/\/diarioregionaldigital.com.br\/?p=160155","title":{"rendered":"Covid-19: Brasil registra 881 mortes em 24h; total chega a 12,4 mil"},"content":{"rendered":"<p>O Brasil teve 881 novos registros de mortes nas \u00faltimas 24 horas e o total de \u00f3bitos chegou a 12,4 mil. O resultado representou um aumento de 7,6% em rela\u00e7\u00e3o a ontem, quando foram contabilizados 11.519 falecimentos pela covid-19. O balan\u00e7o di\u00e1rio foi divulgado no in\u00edcio da noite de hoje (12) pelo Minist\u00e9rio da Sa\u00fade. J\u00e1 os novos casos confirmados s\u00e3o 9.258, totalizando 177.589. O resultado marcou um acr\u00e9scimo de 5,4% em rela\u00e7\u00e3o a ontem, quando o n\u00famero de pessoas infectadas estava em 168.331.<\/p>\n<p>Do total de casos confirmados, 92.593 (52,1%) est\u00e3o em acompanhamento e 72.597 (40,9%) foram recuperados. H\u00e1 ainda 2.050 mortes em investiga\u00e7\u00e3o.<\/p>\n<p>S\u00e3o Paulo se mant\u00e9m como epicentro da pandemia no pa\u00eds, concentrando o maior n\u00famero de \u00f3bitos (3.949). O estado \u00e9 seguido pelo Rio de Janeiro (1.928), Cear\u00e1 (1.280), Pernambuco (1.157) e Amazonas (1.098).<\/p>\n<p>Al\u00e9m disso, foram registradas mortes no Par\u00e1 (864), Maranh\u00e3o (423), Bahia (225), Esp\u00edrito Santo (212), Para\u00edba (154), Alagoas (150), Minas Gerais (127), Paran\u00e1 (113), Rio Grande do Sul (111), Rio Grande do Norte (93), Amap\u00e1 (86), Santa Catarina (73), Goi\u00e1s (52), Acre (51), Rond\u00f4nia (50), Piau\u00ed (49), Distrito Federal (46), Sergipe (37), Roraima (50), Mato Grosso (19), Tocantins (14) e Mato Grosso do Sul (11).<\/p>\n<p>Em entrevista coletiva no Pal\u00e1cio do Planalto, o secret\u00e1rio-substituto de Vigil\u00e2ncia em Sa\u00fade, Eduardo Mac\u00e1rio, apresentou a\u00a0nova plataforma\u00a0de disponibiliza\u00e7\u00e3o de dados sobre a pandemia. O\u00a0<em>site\u00a0<\/em>continua disponibilizando dados atualizados diariamente de casos confirmados, mortes e a letalidade (n\u00famero de falecimentos por pessoas infectadas).<\/p>\n<p>Essas informa\u00e7\u00f5es s\u00e3o detalhadas por regi\u00e3o e por estado. Foram adicionadas novas informa\u00e7\u00f5es, como o n\u00famero de recuperados e a mortalidade. Os recuperados passaram a ser informados diariamente desde a troca no comando do Minist\u00e9rio da Sa\u00fade.<\/p>\n<p>Na plataforma, s\u00e3o publicados tamb\u00e9m dados de S\u00edndrome Respirat\u00f3ria Aguda Grave (SRAG), grupo de infec\u00e7\u00e3o em que a covid-19 se insere. Contudo, deixaram de ser atualizados diariamente os n\u00fameros totais de hospitalizados por SRAG, hospitalizados com covid-19 e hospitalizados com SRAG em investiga\u00e7\u00e3o.<\/p>\n<p><strong>Primeiros casos<\/strong><\/p>\n<p>Eduardo Mac\u00e1rio informou que h\u00e1 39 casos identificados no sistema de informa\u00e7\u00e3o nacional antes do primeiro dia, 26 de fevereiro. O Minist\u00e9rio da Sa\u00fade\u00a0pediu para que secretarias estaduais fa\u00e7am investiga\u00e7\u00e3o mais detalhada para analisar como se deram esses casos e transmiss\u00e3o.<\/p>\n<p>\u201cNo Sivep gripe temos mais de 100 mil casos nesses primeiros quatro meses. Queremos entender melhor, [para saber]\u00a0se\u00a0trata-se de erros de digita\u00e7\u00e3o. Para nos certificarmos que se trata de casos, precisamos da contribui\u00e7\u00e3o das secretarias estaduais e municipais\u201d, disse o secret\u00e1rio.<\/p>\n<p><strong>Profissionais de sa\u00fade<\/strong><\/p>\n<p>A secret\u00e1ria de Gest\u00e3o do Trabalho do Minist\u00e9rio da Sa\u00fade, Mayra Ribeiro, anunciou que a pasta come\u00e7ar\u00e1 um levantamento dos profissionais de sa\u00fade contaminados e mortos em raz\u00e3o da covid-19. A equipe do minist\u00e9rio comentou que pretende lan\u00e7ar um boletim epidemiol\u00f3gico com\u00a0o detalhamento sobre a situa\u00e7\u00e3o desses profissionais. At\u00e9 o momento, h\u00e1 884 trabalhadores da \u00e1rea registrados no sistema como S\u00edndrome Respirat\u00f3ria Aguda Grave (SRAG), sendo 276 hospitalizados.<\/p>\n<p>Ela informou que o programa de recrutamento de trabalhadores de sa\u00fade Brasil Conta Comigo j\u00e1 cadastrou 931 mil pessoas. Deste total, 431 mil j\u00e1 se dispuseram a atuar em estados e cidades que tenham esta demanda. O primeiro munic\u00edpio a solicitar aux\u00edlio foi Manaus, para onde foram enviados 377 profissionais.<\/p>\n<p>Mayra informou que come\u00e7ou a ser disponibilizado para os profissionais um apoio psicol\u00f3gico. Entre os trabalhadores enviados\u00a0a Manaus, em 6% j\u00e1 foram encontradas situa\u00e7\u00f5es de ansiedade e depress\u00e3o.<\/p>\n<p>\u201cTemos que ter cuidado com nossos profissionais para que estejam aptos a enfrentar a pandemia. Eles precisam de mais suporte emocional para continuar atuando\u201d, observou a secret\u00e1ria.<\/p>\n<p>A secret\u00e1ria respondeu a questionamentos sobre o atraso no pagamento das bolsas de resid\u00eancia m\u00e9dica, realizado hoje por entidades que re\u00fanem esses pesquisadores.\u00a0Mayra Ribeiro informou que atualmente h\u00e1 22 mil resid\u00eancias. Ela justificou afirmando que as bolsas s\u00e3o devolvidas quando h\u00e1 inconsist\u00eancias nos dados banc\u00e1rios. Nesta situa\u00e7\u00e3o, o Minist\u00e9rio da Sa\u00fade\u00a0entra em contato com institui\u00e7\u00e3o de ensino ou residente. \u201cComo os sistemas de pagamento abrem uma vez, quando recebemos a corre\u00e7\u00e3o esperamos at\u00e9 que o sistema abra para poder reinclu\u00ed-los\u201d, respondeu Mayra.<\/p>\n<p>&nbsp;<\/p>\n<p><strong>Fonte:\u00a0<\/strong>Ag\u00eancia Brasil<\/p>\n","protected":false},"excerpt":{"rendered":"<p>O Brasil teve 881 novos registros de mortes nas \u00faltimas 24 horas e o total de \u00f3bitos chegou a 12,4 mil. O resultado representou um aumento de 7,6% em rela\u00e7\u00e3o a ontem, quando foram contabilizados 11.519 falecimentos pela covid-19. O balan\u00e7o di\u00e1rio foi divulgado no in\u00edcio da noite de hoje (12) pelo Minist\u00e9rio da Sa\u00fade. [&hellip;]<\/p>\n","protected":false},"author":96,"featured_media":159282,"comment_status":"closed","ping_status":"closed","sticky":false,"template":"","format":"standard","meta":{"footnotes":""},"categories":[302,436,440,439],"tags":[],"class_list":["post-160155","post","type-post","status-publish","format-standard","has-post-thumbnail","hentry","category-brasil-mundo","category-destaque-da-semana","category-destaques-do-dia","category-ultima-hora"],"_links":{"self":[{"href":"https:\/\/diarioregionaldigital.com.br\/index.php?rest_route=\/wp\/v2\/posts\/160155","targetHints":{"allow":["GET"]}}],"collection":[{"href":"https:\/\/diarioregionaldigital.com.br\/index.php?rest_route=\/wp\/v2\/posts"}],"about":[{"href":"https:\/\/diarioregionaldigital.com.br\/index.php?rest_route=\/wp\/v2\/types\/post"}],"author":[{"embeddable":true,"href":"https:\/\/diarioregionaldigital.com.br\/index.php?rest_route=\/wp\/v2\/users\/96"}],"replies":[{"embeddable":true,"href":"https:\/\/diarioregionaldigital.com.br\/index.php?rest_route=%2Fwp%2Fv2%2Fcomments&post=160155"}],"version-history":[{"count":0,"href":"https:\/\/diarioregionaldigital.com.br\/index.php?rest_route=\/wp\/v2\/posts\/160155\/revisions"}],"wp:featuredmedia":[{"embeddable":true,"href":"https:\/\/diarioregionaldigital.com.br\/index.php?rest_route=\/wp\/v2\/media\/159282"}],"wp:attachment":[{"href":"https:\/\/diarioregionaldigital.com.br\/index.php?rest_route=%2Fwp%2Fv2%2Fmedia&parent=160155"}],"wp:term":[{"taxonomy":"category","embeddable":true,"href":"https:\/\/diarioregionaldigital.com.br\/index.php?rest_route=%2Fwp%2Fv2%2Fcategories&post=160155"},{"taxonomy":"post_tag","embeddable":true,"href":"https:\/\/diarioregionaldigital.com.br\/index.php?rest_route=%2Fwp%2Fv2%2Ftags&post=160155"}],"curies":[{"name":"wp","href":"https:\/\/api.w.org\/{rel}","templated":true}]}}