{"id":160144,"date":"2020-05-12T18:39:53","date_gmt":"2020-05-12T21:39:53","guid":{"rendered":"https:\/\/diarioregionaldigital.com.br\/?p=160144"},"modified":"2020-05-12T18:39:53","modified_gmt":"2020-05-12T21:39:53","slug":"covid-19-ufjf-ja-enviou-mais-de-300-resultados-para-a-pjf","status":"publish","type":"post","link":"https:\/\/diarioregionaldigital.com.br\/?p=160144","title":{"rendered":"Covid-19 \u2013 UFJF j\u00e1 enviou mais de 300 resultados para a PJF"},"content":{"rendered":"<p>At\u00e9 esta ter\u00e7a-feira, 12, a Universidade Federal de Juiz de Fora (UFJF) j\u00e1 enviou para o Departamento de Vigil\u00e2ncia Epidemiol\u00f3gica e Ambiental (Dvea) da Secretaria Municipal de Sa\u00fade 306 resultados de exames sobre confirma\u00e7\u00e3o ou descarte de casos de coronav\u00edrus (covid-19) na cidade. Desses, 110 atestaram positivo. Os dados passaram a constar do boletim epidemiol\u00f3gico no Munic\u00edpio desde 30 de abril.<\/p>\n<p>O p\u00fablico-alvo s\u00e3o profissionais de sa\u00fade sintom\u00e1tico, entre o terceiro e o d\u00e9cimo dia de sintomas; todos os pacientes internados em \u201cleitos covid\u201d, pactuados com o Munic\u00edpio; os atendidos na aten\u00e7\u00e3o b\u00e1sica, em situa\u00e7\u00e3o de vulnerabilidade (acima de 65 anos, cuidadores de idosos, diab\u00e9ticos, hipertensos descompensados e obesos); e servidores da seguran\u00e7a p\u00fablica, Departamento Municipal de Limpeza Urbana (Demlurb) e Companhia de Saneamento Municipal (Cesama).<\/p>\n<p>O material \u00e9 coletado por quatro equipes, fruto da parceria da Prefeitura de Juiz de Fora (PJF) com a UFJF, e transportado nas condi\u00e7\u00f5es adequadas para os dois laborat\u00f3rios, sendo um no Instituto de Ci\u00eancias Biol\u00f3gicas e outro na Faculdade de Farm\u00e1cia. Ambos passaram por inspe\u00e7\u00e3o da Vigil\u00e2ncia Sanit\u00e1ria e foram devidamente credenciados, recebendo alvar\u00e1 para o funcionamento e efetua\u00e7\u00e3o dos testes.<\/p>\n<p>&nbsp;<\/p>\n<p><strong>Fonte:\u00a0<\/strong>Assessoria<\/p>\n","protected":false},"excerpt":{"rendered":"<p>At\u00e9 esta ter\u00e7a-feira, 12, a Universidade Federal de Juiz de Fora (UFJF) j\u00e1 enviou para o Departamento de Vigil\u00e2ncia Epidemiol\u00f3gica e Ambiental (Dvea) da Secretaria Municipal de Sa\u00fade 306 resultados de exames sobre confirma\u00e7\u00e3o ou descarte de casos de coronav\u00edrus (covid-19) na cidade. Desses, 110 atestaram positivo. Os dados passaram a constar do boletim epidemiol\u00f3gico [&hellip;]<\/p>\n","protected":false},"author":96,"featured_media":158549,"comment_status":"closed","ping_status":"closed","sticky":false,"template":"","format":"standard","meta":{"footnotes":""},"categories":[253,436,440,439],"tags":[],"class_list":["post-160144","post","type-post","status-publish","format-standard","has-post-thumbnail","hentry","category-cidade","category-destaque-da-semana","category-destaques-do-dia","category-ultima-hora"],"_links":{"self":[{"href":"https:\/\/diarioregionaldigital.com.br\/index.php?rest_route=\/wp\/v2\/posts\/160144","targetHints":{"allow":["GET"]}}],"collection":[{"href":"https:\/\/diarioregionaldigital.com.br\/index.php?rest_route=\/wp\/v2\/posts"}],"about":[{"href":"https:\/\/diarioregionaldigital.com.br\/index.php?rest_route=\/wp\/v2\/types\/post"}],"author":[{"embeddable":true,"href":"https:\/\/diarioregionaldigital.com.br\/index.php?rest_route=\/wp\/v2\/users\/96"}],"replies":[{"embeddable":true,"href":"https:\/\/diarioregionaldigital.com.br\/index.php?rest_route=%2Fwp%2Fv2%2Fcomments&post=160144"}],"version-history":[{"count":0,"href":"https:\/\/diarioregionaldigital.com.br\/index.php?rest_route=\/wp\/v2\/posts\/160144\/revisions"}],"wp:featuredmedia":[{"embeddable":true,"href":"https:\/\/diarioregionaldigital.com.br\/index.php?rest_route=\/wp\/v2\/media\/158549"}],"wp:attachment":[{"href":"https:\/\/diarioregionaldigital.com.br\/index.php?rest_route=%2Fwp%2Fv2%2Fmedia&parent=160144"}],"wp:term":[{"taxonomy":"category","embeddable":true,"href":"https:\/\/diarioregionaldigital.com.br\/index.php?rest_route=%2Fwp%2Fv2%2Fcategories&post=160144"},{"taxonomy":"post_tag","embeddable":true,"href":"https:\/\/diarioregionaldigital.com.br\/index.php?rest_route=%2Fwp%2Fv2%2Ftags&post=160144"}],"curies":[{"name":"wp","href":"https:\/\/api.w.org\/{rel}","templated":true}]}}