{"id":160142,"date":"2020-05-12T18:37:24","date_gmt":"2020-05-12T21:37:24","guid":{"rendered":"https:\/\/diarioregionaldigital.com.br\/?p=160142"},"modified":"2020-05-12T18:37:24","modified_gmt":"2020-05-12T21:37:24","slug":"juiz-de-fora-tem-aumento-para-21-mortes-por-coronavirus","status":"publish","type":"post","link":"https:\/\/diarioregionaldigital.com.br\/?p=160142","title":{"rendered":"Juiz de Fora tem aumento para 21 mortes por Coronav\u00edrus"},"content":{"rendered":"<p>A Secretaria de Sa\u00fade (SS) da Prefeitura de Juiz de Fora (PJF), confirmou em boletim epidemiol\u00f3gico desta ter\u00e7a-feira (12), o aumento de 18 para 21 mortes confirmadas por Coronav\u00edrus no munic\u00edpio.\u00a0Todos os \u00f3bitos registrados s\u00e3o de idosos. Um de 79 anos, morreu no \u00faltimo s\u00e1bado, 9, e tinha Doen\u00e7a Cardiovascular Cr\u00f4nica (DCC). O outro, 65 anos, tinha Doen\u00e7a Cardiovascular Cr\u00f4nica (DCC) e hist\u00f3rico de c\u00e2ncer. O \u00faltimo \u00f3bito foi de um idoso de 75 anos com Diabetes Mellitus (DM), Doen\u00e7a Cardiovascular Cr\u00f4nica (DCC) e Doen\u00e7a Neurol\u00f3gica Cr\u00f4nica (DNC). Os dois morreram nessa segunda-feira, 11.<\/p>\n<p>Al\u00e9m disso, foram contabilizados mais 46 casos confirmados, totalizando 392 pacientes infectados. Os casos suspeitos tamb\u00e9m subiram, o novo dado \u00e9 de 3.107.<\/p>\n","protected":false},"excerpt":{"rendered":"<p>A Secretaria de Sa\u00fade (SS) da Prefeitura de Juiz de Fora (PJF), confirmou em boletim epidemiol\u00f3gico desta ter\u00e7a-feira (12), o aumento de 18 para 21 mortes confirmadas por Coronav\u00edrus no munic\u00edpio.\u00a0Todos os \u00f3bitos registrados s\u00e3o de idosos. Um de 79 anos, morreu no \u00faltimo s\u00e1bado, 9, e tinha Doen\u00e7a Cardiovascular Cr\u00f4nica (DCC). O outro, 65 [&hellip;]<\/p>\n","protected":false},"author":96,"featured_media":157069,"comment_status":"closed","ping_status":"closed","sticky":false,"template":"","format":"standard","meta":{"footnotes":""},"categories":[253,436,440,439],"tags":[],"class_list":["post-160142","post","type-post","status-publish","format-standard","has-post-thumbnail","hentry","category-cidade","category-destaque-da-semana","category-destaques-do-dia","category-ultima-hora"],"_links":{"self":[{"href":"https:\/\/diarioregionaldigital.com.br\/index.php?rest_route=\/wp\/v2\/posts\/160142","targetHints":{"allow":["GET"]}}],"collection":[{"href":"https:\/\/diarioregionaldigital.com.br\/index.php?rest_route=\/wp\/v2\/posts"}],"about":[{"href":"https:\/\/diarioregionaldigital.com.br\/index.php?rest_route=\/wp\/v2\/types\/post"}],"author":[{"embeddable":true,"href":"https:\/\/diarioregionaldigital.com.br\/index.php?rest_route=\/wp\/v2\/users\/96"}],"replies":[{"embeddable":true,"href":"https:\/\/diarioregionaldigital.com.br\/index.php?rest_route=%2Fwp%2Fv2%2Fcomments&post=160142"}],"version-history":[{"count":0,"href":"https:\/\/diarioregionaldigital.com.br\/index.php?rest_route=\/wp\/v2\/posts\/160142\/revisions"}],"wp:featuredmedia":[{"embeddable":true,"href":"https:\/\/diarioregionaldigital.com.br\/index.php?rest_route=\/wp\/v2\/media\/157069"}],"wp:attachment":[{"href":"https:\/\/diarioregionaldigital.com.br\/index.php?rest_route=%2Fwp%2Fv2%2Fmedia&parent=160142"}],"wp:term":[{"taxonomy":"category","embeddable":true,"href":"https:\/\/diarioregionaldigital.com.br\/index.php?rest_route=%2Fwp%2Fv2%2Fcategories&post=160142"},{"taxonomy":"post_tag","embeddable":true,"href":"https:\/\/diarioregionaldigital.com.br\/index.php?rest_route=%2Fwp%2Fv2%2Ftags&post=160142"}],"curies":[{"name":"wp","href":"https:\/\/api.w.org\/{rel}","templated":true}]}}