{"id":160139,"date":"2020-05-12T18:24:38","date_gmt":"2020-05-12T21:24:38","guid":{"rendered":"https:\/\/diarioregionaldigital.com.br\/?p=160139"},"modified":"2020-05-12T18:24:38","modified_gmt":"2020-05-12T21:24:38","slug":"medalhista-olimpico-no-volei-de-praia-marcio-araujo-e-internado-em-fortaleza-por-covid-19","status":"publish","type":"post","link":"https:\/\/diarioregionaldigital.com.br\/?p=160139","title":{"rendered":"Medalhista ol\u00edmpico no v\u00f4lei de praia, M\u00e1rcio Ara\u00fajo \u00e9 internado em Fortaleza por COVID-19"},"content":{"rendered":"<p>Diagnosticado com o novo coronav\u00edrus (COVID-19), M\u00e1rcio Ara\u00fajo, medalha de prata nos Jogos de Pequim 2008 no v\u00f4lei de praia, quando atuou ao lado de F\u00e1bio Luiz, est\u00e1 internado desde o \u00faltimo domingo (10) em Fortaleza.<\/p>\n<p>O ex-atleta, de 46 anos, campe\u00e3o do circuito mundial da modalidade em 2005, foi ao hospital pela primeira vez na \u00faltima quarta (6). A esposa do ex-atleta, Juliana Ara\u00fajo, disse que, na ocasi\u00e3o, ele estava passando mal e fez tomografia do pulm\u00e3o (exame que mostrou o comprometimento de 40% de um dos pulm\u00f5es).<\/p>\n<p>&#8220;O M\u00e1rcio estava com muita dificuldade para respirar, mas a m\u00e9dica pediu para ele retornar para casa, tomar antibi\u00f3ticos e cortic\u00f3ides, e, se n\u00e3o melhorasse, a recomenda\u00e7\u00e3o era retornar&#8221;, afirma Juliana, que est\u00e1 gr\u00e1vida de oito meses. Por\u00e9m, os problemas continuaram e o ex-jogador chegou a enfrentar dificuldades para encontrar um leito na capital cearense.<\/p>\n<p>Na noite do \u00faltimo domingo, M\u00e1rcio foi ao Hospital Central de Fortaleza e acabou internado. Em seu perfil pessoal no Instagram ele postou a seguinte mensagem: &#8220;Infelizmente, precisei retornar ao hospital, mas dessa vez para ser internado. A falta de oxig\u00eanio estava me matando. Gostaria de agradecer \u00e0 Germana, minha cunhada, por conseguir um leito nesse maravilhoso Hospital Central de Fortaleza. Obrigado pelas mensagens e ora\u00e7\u00f5es de todos. Vamos vencer, em nomes de Jesus&#8221;.<\/p>\n<p>Juliana Ara\u00fajo disse que conversou com o M\u00e1rcio na manh\u00e3 dessa segunda-feira (11) e que ele relatou j\u00e1 estar se sentindo melhor: &#8220;Acreditamos que a situa\u00e7\u00e3o dele est\u00e1 normalizando. Ele me disse que foi medicado e est\u00e1 se sentindo melhor&#8221;.<\/p>\n<p>Nas redes sociais, o medalhista ol\u00edmpico tem recebido apoio de outros nomes importantes do esporte brasileiro. Nalbert, Virna e Bernard j\u00e1 publicaram mensagens de apoio. Al\u00e9m do p\u00f3dio nos Jogos Ol\u00edmpicos de Pequim 2008 e do t\u00edtulo do Circuito Mundial em 2005, M\u00e1rcio Ara\u00fajo tamb\u00e9m foi vice-campe\u00e3o mundial em 2011.<\/p>\n<p>&nbsp;<\/p>\n<p><strong>Fonte:<\/strong>\u00a0Assessoria<\/p>\n","protected":false},"excerpt":{"rendered":"<p>Diagnosticado com o novo coronav\u00edrus (COVID-19), M\u00e1rcio Ara\u00fajo, medalha de prata nos Jogos de Pequim 2008 no v\u00f4lei de praia, quando atuou ao lado de F\u00e1bio Luiz, est\u00e1 internado desde o \u00faltimo domingo (10) em Fortaleza. O ex-atleta, de 46 anos, campe\u00e3o do circuito mundial da modalidade em 2005, foi ao hospital pela primeira vez [&hellip;]<\/p>\n","protected":false},"author":96,"featured_media":160140,"comment_status":"closed","ping_status":"closed","sticky":false,"template":"","format":"standard","meta":{"footnotes":""},"categories":[436,257,439],"tags":[],"class_list":["post-160139","post","type-post","status-publish","format-standard","has-post-thumbnail","hentry","category-destaque-da-semana","category-esporte","category-ultima-hora"],"_links":{"self":[{"href":"https:\/\/diarioregionaldigital.com.br\/index.php?rest_route=\/wp\/v2\/posts\/160139","targetHints":{"allow":["GET"]}}],"collection":[{"href":"https:\/\/diarioregionaldigital.com.br\/index.php?rest_route=\/wp\/v2\/posts"}],"about":[{"href":"https:\/\/diarioregionaldigital.com.br\/index.php?rest_route=\/wp\/v2\/types\/post"}],"author":[{"embeddable":true,"href":"https:\/\/diarioregionaldigital.com.br\/index.php?rest_route=\/wp\/v2\/users\/96"}],"replies":[{"embeddable":true,"href":"https:\/\/diarioregionaldigital.com.br\/index.php?rest_route=%2Fwp%2Fv2%2Fcomments&post=160139"}],"version-history":[{"count":0,"href":"https:\/\/diarioregionaldigital.com.br\/index.php?rest_route=\/wp\/v2\/posts\/160139\/revisions"}],"wp:featuredmedia":[{"embeddable":true,"href":"https:\/\/diarioregionaldigital.com.br\/index.php?rest_route=\/wp\/v2\/media\/160140"}],"wp:attachment":[{"href":"https:\/\/diarioregionaldigital.com.br\/index.php?rest_route=%2Fwp%2Fv2%2Fmedia&parent=160139"}],"wp:term":[{"taxonomy":"category","embeddable":true,"href":"https:\/\/diarioregionaldigital.com.br\/index.php?rest_route=%2Fwp%2Fv2%2Fcategories&post=160139"},{"taxonomy":"post_tag","embeddable":true,"href":"https:\/\/diarioregionaldigital.com.br\/index.php?rest_route=%2Fwp%2Fv2%2Ftags&post=160139"}],"curies":[{"name":"wp","href":"https:\/\/api.w.org\/{rel}","templated":true}]}}