{"id":160133,"date":"2020-05-12T18:22:08","date_gmt":"2020-05-12T21:22:08","guid":{"rendered":"https:\/\/diarioregionaldigital.com.br\/?p=160133"},"modified":"2020-05-12T18:22:08","modified_gmt":"2020-05-12T21:22:08","slug":"sebastian-vettel-nao-continuara-na-ferrari-em-2021","status":"publish","type":"post","link":"https:\/\/diarioregionaldigital.com.br\/?p=160133","title":{"rendered":"Sebastian Vettel n\u00e3o continuar\u00e1 na Ferrari em 2021"},"content":{"rendered":"<p>Ap\u00f3s cinco anos usando as cores vermelhas da Ferrari, o alem\u00e3o Sebastian Vettel, n\u00e3o permanecer\u00e1 na escuderia italiana na pr\u00f3xima temporada da F1. O time de Maranello emitiu um comunicado oficial nessa ter\u00e7a-feira (12), dizendo n\u00e3o foi poss\u00edvel chegar a um consenso sobre renova\u00e7\u00e3o de contrato do alem\u00e3o:<\/p>\n<p>&#8220;Meu relacionamento com a Scuderia Ferrari terminar\u00e1 no final de 2020. Para obter os melhores resultados poss\u00edveis nesse esporte, \u00e9 vital que todas as partes trabalhem em perfeita harmonia. A equipe e eu percebemos que n\u00e3o h\u00e1 mais um desejo comum de permanecer juntos at\u00e9 o final desta temporada. Quest\u00f5es financeiras n\u00e3o tiveram parte nesta decis\u00e3o conjunta. N\u00e3o \u00e9 assim que penso quando se trata de fazer certas escolhas e nunca ser\u00e1\u201d disse Vettel em comunicado oficial,<\/p>\n<p>O chefe da Ferrari, Matia Binotto, comentou sobre a decis\u00e3o da sa\u00edda do piloto alem\u00e3o e afirma que houve um entendimento de ambas as partes:<\/p>\n<p>&#8220;Esta \u00e9 uma decis\u00e3o tomada em conjunto por n\u00f3s e Sebastian, que ambas as partes acham que \u00e9 o melhor. N\u00e3o foi uma decis\u00e3o f\u00e1cil de se chegar, dado o valor de Sebastian como motorista e como pessoa. N\u00e3o havia nenhuma raz\u00e3o espec\u00edfica que levou a essa decis\u00e3o, al\u00e9m da cren\u00e7a comum e amig\u00e1vel de que havia chegado o momento de seguirmos caminhos separados para alcan\u00e7ar nossos respectivos objetivos\u201d concluiu<\/p>\n<p>Sebastian Vettel chegou \u00e0 Ferrari em 2015, para se tornar uma nova vers\u00e3o de Michael Schumacher e tamb\u00e9m para recolocar a escuderia italiana de volta ao caminho das vit\u00f3rias. Logo na segunda etapa daquela ocasi\u00e3o, conquistou sua primeira vit\u00f3ria sob as cores vermelhas. Ele conquistaria mais duas vit\u00f3rias, na Hungria e em Singapura, terminando o campeonato em 3\u00ba com 278 pontos.<\/p>\n<p>Na segunda temporada, 2016, devido ao mal desenvolvimento do carro, Vettel n\u00e3o obteve nenhuma vit\u00f3ria e foi apenas o 4\u00ba colocado com 212 pontos. Em 2017 o alem\u00e3o teve chances reais de ser campe\u00e3o do mundo, chegando a liderar o campeonato at\u00e9 certo ponto, mas cometeu erros cruciais e foi derrotado por Lewis Hamilton naquela ocasi\u00e3o. Vice-campe\u00e3o com 317 contra 363 de Hamilton.<\/p>\n<p>Em 2018 Vettel teve novamente chances reais de conquistar o pentacampe\u00e3o. Com equipamento mais aprimorado e com \u00f3timo desempenhos na primeira metade do campeonato, o alem\u00e3o cometeu novos erros que lhe custaram caro e novamente perde o t\u00edtulo para Lewis Hamilton.<\/p>\n<p>J\u00e1 em 2019, tendo Charles Leclerc como novo companheiro de equipe, Sebastian Vettel n\u00e3o se adaptou ao novo carro e ainda sofreu press\u00e3o de seu jovem companheiro de equipe. Diante disso, n\u00e3o teve boa temporada e venceu somente uma corrida, em Singapura. Al\u00e9m disso, teve sua vit\u00f3ria anulada pelos comiss\u00e1rios de prova no Canad\u00e1 e tamb\u00e9m pela batida com Leclerc no Brasil. Quinto colocado no campeonato com 240 pontos.<\/p>\n<p>N\u00e3o se sabe ainda qual vai ser o caminho de Vettel na F1. No entanto, o alem\u00e3o pode pintar na Renault, Mercedes, RBR ou at\u00e9 mesmo se aposentar.<\/p>\n<p><strong>Novo substituto<\/strong><\/p>\n<p>At\u00e9 ent\u00e3o, n\u00e3o se sabe o destino do piloto para 2021, no entanto logo ap\u00f3s o an\u00fancio de sua sa\u00edda, surgiram boatos sobre poss\u00edveis nomes para substitu\u00edrem Sebastian Vettel.<\/p>\n<p><strong>Favoritos: <\/strong>Daniel Ricciardo, Carlos Sainz e Valtteri Bottas;<\/p>\n<p><strong>Correm por fora: <\/strong>Nico Hulkenberg, Lewis Hamilton, Sergio Perez e Antonio Giovinazzi;<\/p>\n<p><strong>Podem pintar: <\/strong>Fernando Alonso e Mick Schumacher;<\/p>\n","protected":false},"excerpt":{"rendered":"<p>Ap\u00f3s cinco anos usando as cores vermelhas da Ferrari, o alem\u00e3o Sebastian Vettel, n\u00e3o permanecer\u00e1 na escuderia italiana na pr\u00f3xima temporada da F1. O time de Maranello emitiu um comunicado oficial nessa ter\u00e7a-feira (12), dizendo n\u00e3o foi poss\u00edvel chegar a um consenso sobre renova\u00e7\u00e3o de contrato do alem\u00e3o: &#8220;Meu relacionamento com a Scuderia Ferrari terminar\u00e1 [&hellip;]<\/p>\n","protected":false},"author":96,"featured_media":160134,"comment_status":"closed","ping_status":"closed","sticky":false,"template":"","format":"standard","meta":{"footnotes":""},"categories":[436,257,439],"tags":[],"class_list":["post-160133","post","type-post","status-publish","format-standard","has-post-thumbnail","hentry","category-destaque-da-semana","category-esporte","category-ultima-hora"],"_links":{"self":[{"href":"https:\/\/diarioregionaldigital.com.br\/index.php?rest_route=\/wp\/v2\/posts\/160133","targetHints":{"allow":["GET"]}}],"collection":[{"href":"https:\/\/diarioregionaldigital.com.br\/index.php?rest_route=\/wp\/v2\/posts"}],"about":[{"href":"https:\/\/diarioregionaldigital.com.br\/index.php?rest_route=\/wp\/v2\/types\/post"}],"author":[{"embeddable":true,"href":"https:\/\/diarioregionaldigital.com.br\/index.php?rest_route=\/wp\/v2\/users\/96"}],"replies":[{"embeddable":true,"href":"https:\/\/diarioregionaldigital.com.br\/index.php?rest_route=%2Fwp%2Fv2%2Fcomments&post=160133"}],"version-history":[{"count":0,"href":"https:\/\/diarioregionaldigital.com.br\/index.php?rest_route=\/wp\/v2\/posts\/160133\/revisions"}],"wp:featuredmedia":[{"embeddable":true,"href":"https:\/\/diarioregionaldigital.com.br\/index.php?rest_route=\/wp\/v2\/media\/160134"}],"wp:attachment":[{"href":"https:\/\/diarioregionaldigital.com.br\/index.php?rest_route=%2Fwp%2Fv2%2Fmedia&parent=160133"}],"wp:term":[{"taxonomy":"category","embeddable":true,"href":"https:\/\/diarioregionaldigital.com.br\/index.php?rest_route=%2Fwp%2Fv2%2Fcategories&post=160133"},{"taxonomy":"post_tag","embeddable":true,"href":"https:\/\/diarioregionaldigital.com.br\/index.php?rest_route=%2Fwp%2Fv2%2Ftags&post=160133"}],"curies":[{"name":"wp","href":"https:\/\/api.w.org\/{rel}","templated":true}]}}