{"id":160130,"date":"2020-05-12T18:20:50","date_gmt":"2020-05-12T21:20:50","guid":{"rendered":"https:\/\/diarioregionaldigital.com.br\/?p=160130"},"modified":"2020-05-12T18:20:50","modified_gmt":"2020-05-12T21:20:50","slug":"fina-anuncia-novas-datas-dos-pre-olimpicos-de-saltos-ornamentais-nado-artistico-e-maratonas-aquaticas","status":"publish","type":"post","link":"https:\/\/diarioregionaldigital.com.br\/?p=160130","title":{"rendered":"Fina anuncia novas datas dos Pr\u00e9-Ol\u00edmpicos de saltos ornamentais, nado art\u00edstico e maratonas aqu\u00e1ticas"},"content":{"rendered":"<p>A Federa\u00e7\u00e3o Internacional de Nata\u00e7\u00e3o (Fina) anunciou nessa segunda-feira (11) as novas datas dos Pr\u00e9-Ol\u00edmpicos de saltos ornamentais, nado art\u00edstico e maratonas aqu\u00e1ticas. Os eventos tiveram que mudar de data em raz\u00e3o da pandemia do novo coronav\u00edrus (COVID-19).<\/p>\n<p>A defini\u00e7\u00e3o dos classificados para os Jogos Ol\u00edmpicos de T\u00f3quio 2020 \u2013 que foram adiados e ter\u00e3o in\u00edcio no dia 23 de julho \u2013 nos saltos ornamentais acontecer\u00e1 entre 23 e 28 de fevereiro de 2021, na Copa do Mundo da modalidade, sediada em T\u00f3quio.<\/p>\n<p>J\u00e1 para o nado art\u00edstico o Pr\u00e9-Ol\u00edmpico ser\u00e1 entre os dias 4 e 7 de mar\u00e7o de 2021, tamb\u00e9m em T\u00f3quio. Por fim, o Pr\u00e9-Ol\u00edmpico de maratonas aqu\u00e1ticas ser\u00e1 disputado nos dias 29 e 30 de maio do pr\u00f3ximo ano, em Fukuoka, no Jap\u00e3o.<\/p>\n<p>&nbsp;<\/p>\n<p><strong>Fonte:\u00a0<\/strong>Assessoria<\/p>\n","protected":false},"excerpt":{"rendered":"<p>A Federa\u00e7\u00e3o Internacional de Nata\u00e7\u00e3o (Fina) anunciou nessa segunda-feira (11) as novas datas dos Pr\u00e9-Ol\u00edmpicos de saltos ornamentais, nado art\u00edstico e maratonas aqu\u00e1ticas. Os eventos tiveram que mudar de data em raz\u00e3o da pandemia do novo coronav\u00edrus (COVID-19). A defini\u00e7\u00e3o dos classificados para os Jogos Ol\u00edmpicos de T\u00f3quio 2020 \u2013 que foram adiados e ter\u00e3o [&hellip;]<\/p>\n","protected":false},"author":96,"featured_media":160131,"comment_status":"closed","ping_status":"closed","sticky":false,"template":"","format":"standard","meta":{"footnotes":""},"categories":[436,257,439],"tags":[],"class_list":["post-160130","post","type-post","status-publish","format-standard","has-post-thumbnail","hentry","category-destaque-da-semana","category-esporte","category-ultima-hora"],"_links":{"self":[{"href":"https:\/\/diarioregionaldigital.com.br\/index.php?rest_route=\/wp\/v2\/posts\/160130","targetHints":{"allow":["GET"]}}],"collection":[{"href":"https:\/\/diarioregionaldigital.com.br\/index.php?rest_route=\/wp\/v2\/posts"}],"about":[{"href":"https:\/\/diarioregionaldigital.com.br\/index.php?rest_route=\/wp\/v2\/types\/post"}],"author":[{"embeddable":true,"href":"https:\/\/diarioregionaldigital.com.br\/index.php?rest_route=\/wp\/v2\/users\/96"}],"replies":[{"embeddable":true,"href":"https:\/\/diarioregionaldigital.com.br\/index.php?rest_route=%2Fwp%2Fv2%2Fcomments&post=160130"}],"version-history":[{"count":0,"href":"https:\/\/diarioregionaldigital.com.br\/index.php?rest_route=\/wp\/v2\/posts\/160130\/revisions"}],"wp:featuredmedia":[{"embeddable":true,"href":"https:\/\/diarioregionaldigital.com.br\/index.php?rest_route=\/wp\/v2\/media\/160131"}],"wp:attachment":[{"href":"https:\/\/diarioregionaldigital.com.br\/index.php?rest_route=%2Fwp%2Fv2%2Fmedia&parent=160130"}],"wp:term":[{"taxonomy":"category","embeddable":true,"href":"https:\/\/diarioregionaldigital.com.br\/index.php?rest_route=%2Fwp%2Fv2%2Fcategories&post=160130"},{"taxonomy":"post_tag","embeddable":true,"href":"https:\/\/diarioregionaldigital.com.br\/index.php?rest_route=%2Fwp%2Fv2%2Ftags&post=160130"}],"curies":[{"name":"wp","href":"https:\/\/api.w.org\/{rel}","templated":true}]}}